{"id":12430,"date":"2025-07-29T18:03:47","date_gmt":"2025-07-29T18:03:47","guid":{"rendered":"https:\/\/www.ritaplacidophotography.com\/?p=12430"},"modified":"2025-07-29T18:03:47","modified_gmt":"2025-07-29T18:03:47","slug":"maquilhadoras-noiva-lisboa","status":"publish","type":"post","link":"https:\/\/www.ritaplacidophotography.com\/pt\/bridal-makeup-artists-in-lisbon\/","title":{"rendered":"As 10 melhores maquilhadoras de noivas em Lisboa"},"content":{"rendered":"<p data-pm-slice=\"1 1 []\">Est\u00e1s a planear um casamento em Lisboa? Ent\u00e3o de certeza que queres sentir-te radiante no teu grande dia, e \u00e9 exatamente aqui que entra a magia da maquilhagem. Lisboa \u00e9 casa de muitas talentosas profissionais da ind\u00fastria dos casamentos, conhecidas pela sua experi\u00eancia, arte e facilidade em fazer uma noiva sentir-se calma e bonita desde a primeira pincelada.<\/p>\n<p>Enquanto fot\u00f3grafa de casamentos, j\u00e1 tive o prazer de trabalhar com v\u00e1rias artistas incr\u00edveis. E quer estejas a planear um casamento na tua terra ou num local mais distante em Portugal, esta lista das 10 melhores maquilhadoras de noivas em Lisboa, vai-te ajudar a encontrar algu\u00e9m em quem possas confiar, e que te far\u00e1 sentir no teu melhor num dos dias mais importantes da tua vida.<\/p>\n<p>Vamos ent\u00e3o saber mais sobre as <strong>maquilhadoras de noivas em Lisboa<\/strong>: cada uma com a sua magia, experi\u00eancia e paix\u00e3o.<\/p>\n<p>&nbsp;<\/p>\n<ol>\n<li>AM\u00ca Beauty<\/li>\n<li>Cati Beauty<\/li>\n<li>Raquel Estevens<\/li>\n<li>Vera Mordido<\/li>\n<li>In\u00eas Pl\u00e1cido<\/li>\n<li>Yara Lacerda<\/li>\n<li>Francisca Bairros<\/li>\n<li>Catarina Duque<\/li>\n<li>Fresh Faced<\/li>\n<li>In\u00eas Matos<\/li>\n<\/ol>\n<p>&nbsp;<\/p>\n<h3>AM\u00ca Beauty<\/h3>\n<p data-pm-slice=\"1 1 []\"><a href=\"https:\/\/www.amebeauty.eu\/\" target=\"_blank\" rel=\"noopener\">AM\u00ca Beauty<\/a> \u00e9 uma equipa criada pela Andreia de Almeida (antiga Le Haut) e pela Rita Trigo (antiga Top Knot). Ap\u00f3s v\u00e1rios anos a trabalhar na ind\u00fastria e constantemente a cruzarem-se em casamentos, estas duas artistas decidiram juntar for\u00e7as, e ainda bem para n\u00f3s que o fizeram!<\/p>\n<p>Especializadas em maquilhagem e cabelo de noivas, trabalham maioritariamente em Lisboa, Cascais e Sintra. Mas, honestamente? Ficam felizes de ir onde o vosso casamento as levar.<\/p>\n<p>Apesar da AM\u00ca Beauty ser uma marca relativamente recente, a Andreia e a Rita contam com mais de uma d\u00e9cada de experi\u00eancia. E j\u00e1 puderam inclusive ver o seu trabalho publicado na Vogue It\u00e1lia e na Hola Novias.<\/p>\n<p>Com a AM\u00ca Beauty, podem confiar o vosso cabelo e a vossa maquilhagem a 100% (e das vossas convidadas tamb\u00e9m) a esta equipa que se destaca pelo seu talento, organiza\u00e7\u00e3o e carinho. S\u00e3o conhecidas pelo seu servi\u00e7o personalizado, que come\u00e7a desde os conselhos de cuidados a ter com a pele, e se mant\u00e9m no acompanhamento que fazem durante o dia do casamento.<\/p>\n<p>&nbsp;<\/p>\n<p><img fetchpriority=\"high\" decoding=\"async\" class=\"aligncenter wp-image-12677 size-full\" src=\"https:\/\/www.ritaplacidophotography.com\/wp-content\/uploads\/2025\/06\/makeup-artist-in-lisbon-ame-beauty-2-scaled.jpg\" alt=\"\" width=\"1703\" height=\"2560\" srcset=\"https:\/\/www.ritaplacidophotography.com\/wp-content\/uploads\/2025\/06\/makeup-artist-in-lisbon-ame-beauty-2-scaled.jpg 1703w, https:\/\/www.ritaplacidophotography.com\/wp-content\/uploads\/2025\/06\/makeup-artist-in-lisbon-ame-beauty-2-200x300.jpg 200w, https:\/\/www.ritaplacidophotography.com\/wp-content\/uploads\/2025\/06\/makeup-artist-in-lisbon-ame-beauty-2-681x1024.jpg 681w, https:\/\/www.ritaplacidophotography.com\/wp-content\/uploads\/2025\/06\/makeup-artist-in-lisbon-ame-beauty-2-768x1154.jpg 768w, https:\/\/www.ritaplacidophotography.com\/wp-content\/uploads\/2025\/06\/makeup-artist-in-lisbon-ame-beauty-2-1022x1536.jpg 1022w, https:\/\/www.ritaplacidophotography.com\/wp-content\/uploads\/2025\/06\/makeup-artist-in-lisbon-ame-beauty-2-1363x2048.jpg 1363w, https:\/\/www.ritaplacidophotography.com\/wp-content\/uploads\/2025\/06\/makeup-artist-in-lisbon-ame-beauty-2-8x12.jpg 8w, https:\/\/www.ritaplacidophotography.com\/wp-content\/uploads\/2025\/06\/makeup-artist-in-lisbon-ame-beauty-2-233x350.jpg 233w, https:\/\/www.ritaplacidophotography.com\/wp-content\/uploads\/2025\/06\/makeup-artist-in-lisbon-ame-beauty-2-333x500.jpg 333w\" sizes=\"(max-width: 1703px) 100vw, 1703px\" \/><\/p>\n<div id=\"attachment_12570\" style=\"width: 2570px\" class=\"wp-caption aligncenter\"><img decoding=\"async\" aria-describedby=\"caption-attachment-12570\" class=\"wp-image-12570 size-full\" src=\"https:\/\/www.ritaplacidophotography.com\/wp-content\/uploads\/2025\/05\/makeup-artist-in-lisbon-ame-beauty-scaled.webp\" alt=\"Andreia e Rita, da AM\u00ca Beauty, a trabalhar numa noiva e numa madrinha\" width=\"2560\" height=\"1703\" srcset=\"https:\/\/www.ritaplacidophotography.com\/wp-content\/uploads\/2025\/05\/makeup-artist-in-lisbon-ame-beauty-scaled.webp 2560w, https:\/\/www.ritaplacidophotography.com\/wp-content\/uploads\/2025\/05\/makeup-artist-in-lisbon-ame-beauty-300x200.webp 300w, https:\/\/www.ritaplacidophotography.com\/wp-content\/uploads\/2025\/05\/makeup-artist-in-lisbon-ame-beauty-1024x681.webp 1024w, https:\/\/www.ritaplacidophotography.com\/wp-content\/uploads\/2025\/05\/makeup-artist-in-lisbon-ame-beauty-768x511.webp 768w, https:\/\/www.ritaplacidophotography.com\/wp-content\/uploads\/2025\/05\/makeup-artist-in-lisbon-ame-beauty-1536x1022.webp 1536w, https:\/\/www.ritaplacidophotography.com\/wp-content\/uploads\/2025\/05\/makeup-artist-in-lisbon-ame-beauty-2048x1363.webp 2048w, https:\/\/www.ritaplacidophotography.com\/wp-content\/uploads\/2025\/05\/makeup-artist-in-lisbon-ame-beauty-18x12.webp 18w, https:\/\/www.ritaplacidophotography.com\/wp-content\/uploads\/2025\/05\/makeup-artist-in-lisbon-ame-beauty-470x313.webp 470w, https:\/\/www.ritaplacidophotography.com\/wp-content\/uploads\/2025\/05\/makeup-artist-in-lisbon-ame-beauty-751x500.webp 751w\" sizes=\"(max-width: 2560px) 100vw, 2560px\" \/><p id=\"caption-attachment-12570\" class=\"wp-caption-text\">Fotografia por <a href=\"\/pt\/www.ritaplacidophotography.com\/\" target=\"_blank\" rel=\"noopener\">Rita Pl\u00e1cido Photography<\/a><\/p><\/div>\n<p>&nbsp;<\/p>\n<h3>Cati Beauty<\/h3>\n<p data-pm-slice=\"1 1 []\"><a href=\"https:\/\/www.catibeauty.com\/\" target=\"_blank\" rel=\"noopener\">Cati Beauty<\/a> \u00e9 um dos nomes mais conhecidos na maquilhagem de noivas em Lisboa, e por bons motivos! Trabalha h\u00e1 mais de 11 anos na ind\u00fastria, e o seu trabalho j\u00e1 apareceu nas p\u00e1ginas de grandes publica\u00e7\u00f5es como a Vogue Portugal, The WED e at\u00e9 na British Vogue. Foi tamb\u00e9m reconhecida na Carats &amp; Cake como uma das melhores maquilhadoras da Europa.<\/p>\n<p>A sua imagem de marca? Looks leves, modernos e naturais. O amor da Cati pela maquilhagem de noiva \u00e9 enorme, e ela tem uma forma muito org\u00e2nica de fazer as suas noivas sentir-se vistas, ouvidas e empoderadas.<br \/>\nA Cati destaca-se no cabelo e maquilhagem, principalmente no mundo dos destinations weddings. E n\u00e3o \u00e9 dif\u00edcil de encontrar testemunhos do seu trabalho de noivas internacionais.<\/p>\n<p>O sorriso contagiante e a sua energia calma, tornam a sua presen\u00e7a uma verdadeira alegria. \u00c9 organizada e garante que todos os detalhes est\u00e3o definidos antecipadamente, para que no dia a noiva possa apenas desfrutar. A Cati estar\u00e1 ao vosso lado, a celebrar um dia t\u00e3o especial convosco, a sentir todas as emo\u00e7\u00f5es e garantindo que est\u00e3o no vosso melhor, e que se sentem no vosso melhor, com uma maquilhagem que ir\u00e1 durar o dia todo.<\/p>\n<p>&nbsp;<\/p>\n<div id=\"attachment_12673\" style=\"width: 1713px\" class=\"wp-caption aligncenter\"><img decoding=\"async\" aria-describedby=\"caption-attachment-12673\" class=\"wp-image-12673 size-full\" src=\"https:\/\/www.ritaplacidophotography.com\/wp-content\/uploads\/2025\/06\/makeup-artist-in-lisbon-cati-beauty-scaled.jpg\" alt=\"Bride with veil in a yellow background\" width=\"1703\" height=\"2560\" srcset=\"https:\/\/www.ritaplacidophotography.com\/wp-content\/uploads\/2025\/06\/makeup-artist-in-lisbon-cati-beauty-scaled.jpg 1703w, https:\/\/www.ritaplacidophotography.com\/wp-content\/uploads\/2025\/06\/makeup-artist-in-lisbon-cati-beauty-200x300.jpg 200w, https:\/\/www.ritaplacidophotography.com\/wp-content\/uploads\/2025\/06\/makeup-artist-in-lisbon-cati-beauty-681x1024.jpg 681w, https:\/\/www.ritaplacidophotography.com\/wp-content\/uploads\/2025\/06\/makeup-artist-in-lisbon-cati-beauty-768x1154.jpg 768w, https:\/\/www.ritaplacidophotography.com\/wp-content\/uploads\/2025\/06\/makeup-artist-in-lisbon-cati-beauty-1022x1536.jpg 1022w, https:\/\/www.ritaplacidophotography.com\/wp-content\/uploads\/2025\/06\/makeup-artist-in-lisbon-cati-beauty-1363x2048.jpg 1363w, https:\/\/www.ritaplacidophotography.com\/wp-content\/uploads\/2025\/06\/makeup-artist-in-lisbon-cati-beauty-8x12.jpg 8w, https:\/\/www.ritaplacidophotography.com\/wp-content\/uploads\/2025\/06\/makeup-artist-in-lisbon-cati-beauty-233x350.jpg 233w, https:\/\/www.ritaplacidophotography.com\/wp-content\/uploads\/2025\/06\/makeup-artist-in-lisbon-cati-beauty-333x500.jpg 333w\" sizes=\"(max-width: 1703px) 100vw, 1703px\" \/><p id=\"caption-attachment-12673\" class=\"wp-caption-text\">Fotografia por <a href=\"\/pt\/www.ritaplacidophotography.com\/\" target=\"_blank\" rel=\"noopener\">Rita Pl\u00e1cido<\/a>; Make up by <a href=\"https:\/\/www.catibeauty.com\/\" target=\"_blank\" rel=\"noopener\">Cati Beauty<\/a><\/p><\/div>\n<p><img loading=\"lazy\" decoding=\"async\" class=\"aligncenter wp-image-12674 size-full\" src=\"https:\/\/www.ritaplacidophotography.com\/wp-content\/uploads\/2025\/06\/makeup-artist-in-lisbon-cati-beauty-1-scaled.jpg\" alt=\"Cati Beauty working on a bride\" width=\"1703\" height=\"2560\" srcset=\"https:\/\/www.ritaplacidophotography.com\/wp-content\/uploads\/2025\/06\/makeup-artist-in-lisbon-cati-beauty-1-scaled.jpg 1703w, https:\/\/www.ritaplacidophotography.com\/wp-content\/uploads\/2025\/06\/makeup-artist-in-lisbon-cati-beauty-1-200x300.jpg 200w, https:\/\/www.ritaplacidophotography.com\/wp-content\/uploads\/2025\/06\/makeup-artist-in-lisbon-cati-beauty-1-681x1024.jpg 681w, https:\/\/www.ritaplacidophotography.com\/wp-content\/uploads\/2025\/06\/makeup-artist-in-lisbon-cati-beauty-1-768x1154.jpg 768w, https:\/\/www.ritaplacidophotography.com\/wp-content\/uploads\/2025\/06\/makeup-artist-in-lisbon-cati-beauty-1-1022x1536.jpg 1022w, https:\/\/www.ritaplacidophotography.com\/wp-content\/uploads\/2025\/06\/makeup-artist-in-lisbon-cati-beauty-1-1362x2048.jpg 1362w, https:\/\/www.ritaplacidophotography.com\/wp-content\/uploads\/2025\/06\/makeup-artist-in-lisbon-cati-beauty-1-8x12.jpg 8w, https:\/\/www.ritaplacidophotography.com\/wp-content\/uploads\/2025\/06\/makeup-artist-in-lisbon-cati-beauty-1-233x350.jpg 233w, https:\/\/www.ritaplacidophotography.com\/wp-content\/uploads\/2025\/06\/makeup-artist-in-lisbon-cati-beauty-1-333x500.jpg 333w\" sizes=\"(max-width: 1703px) 100vw, 1703px\" \/><\/p>\n<h3><\/h3>\n<h3>Raquel Estevens<\/h3>\n<p data-pm-slice=\"1 1 []\"><a href=\"https:\/\/www.instagram.com\/raquelestevens\/\" target=\"_blank\" rel=\"noopener\">Raquel Estevens<\/a> \u00e9 uma maquilhadora profissional, em Lisboa, que j\u00e1 teve o prazer de trabalhar com noivas, campanhas de moda e ainda na televis\u00e3o. \u00c9 tamb\u00e9m a maquilhadora de muitas caras conhecidas, como atrizes e influencers portuguesas.<\/p>\n<p>O seu trabalho destaca-se pelos tons de pele radiantes, pela forma como brinca com a cor, e pela confian\u00e7a que passa \u00e0s noivas durante o dia. J\u00e1 foi mencionada em publica\u00e7\u00f5es como o The WED.<\/p>\n<p>E para mim, isto \u00e9 bastante pessoal: A Raquel foi a respons\u00e1vel pela minha maquilhagem no meu casamento. A sua calma, simpatia e aten\u00e7\u00e3o ao detalhe fez toda a diferen\u00e7a no que poderia ter sido uma manh\u00e3 altamente stressante. Continuo apaixonada pelo meu look, mas acima de tudo, por como me senti linda e confiante. Recomendo-a a 100%!<\/p>\n<div id=\"attachment_12573\" style=\"width: 1726px\" class=\"wp-caption aligncenter\"><img loading=\"lazy\" decoding=\"async\" aria-describedby=\"caption-attachment-12573\" class=\"wp-image-12573 size-full\" src=\"https:\/\/www.ritaplacidophotography.com\/wp-content\/uploads\/2025\/05\/makeup-artist-in-lisbon-raquel-estevens-scaled.webp\" alt=\"Bride with pink makeup at Vandelli Botanical Garden\" width=\"1716\" height=\"2560\" srcset=\"https:\/\/www.ritaplacidophotography.com\/wp-content\/uploads\/2025\/05\/makeup-artist-in-lisbon-raquel-estevens-scaled.webp 1716w, https:\/\/www.ritaplacidophotography.com\/wp-content\/uploads\/2025\/05\/makeup-artist-in-lisbon-raquel-estevens-201x300.webp 201w, https:\/\/www.ritaplacidophotography.com\/wp-content\/uploads\/2025\/05\/makeup-artist-in-lisbon-raquel-estevens-687x1024.webp 687w, https:\/\/www.ritaplacidophotography.com\/wp-content\/uploads\/2025\/05\/makeup-artist-in-lisbon-raquel-estevens-768x1145.webp 768w, https:\/\/www.ritaplacidophotography.com\/wp-content\/uploads\/2025\/05\/makeup-artist-in-lisbon-raquel-estevens-1030x1536.webp 1030w, https:\/\/www.ritaplacidophotography.com\/wp-content\/uploads\/2025\/05\/makeup-artist-in-lisbon-raquel-estevens-1373x2048.webp 1373w, https:\/\/www.ritaplacidophotography.com\/wp-content\/uploads\/2025\/05\/makeup-artist-in-lisbon-raquel-estevens-8x12.webp 8w, https:\/\/www.ritaplacidophotography.com\/wp-content\/uploads\/2025\/05\/makeup-artist-in-lisbon-raquel-estevens-235x350.webp 235w, https:\/\/www.ritaplacidophotography.com\/wp-content\/uploads\/2025\/05\/makeup-artist-in-lisbon-raquel-estevens-335x500.webp 335w\" sizes=\"(max-width: 1716px) 100vw, 1716px\" \/><p id=\"caption-attachment-12573\" class=\"wp-caption-text\">Fotografia por <a href=\"https:\/\/www.adrianamoraisphotography.com\/\" target=\"_blank\" rel=\"noopener\">Adriana Morais<\/a><\/p><\/div>\n<h3>Vera Mordido<\/h3>\n<div dir=\"ltr\">\n<p data-pm-slice=\"1 1 []\">Se j\u00e1 foram a algum casamento em Portugal, ou se j\u00e1 tiveram oportunidade de ver algumas galerias de casamento, \u00e9 prov\u00e1vel que j\u00e1 tenham visto a imagem de marca da<a href=\"https:\/\/www.instagram.com\/veramordido_makeupartist\/\" target=\"_blank\" rel=\"noopener\"> Vera Mordido<\/a>: o seu espelho da Rainha M\u00e1 da Branca de Neve. A s\u00e9rio, est\u00e1 presente em tantos retratos de noivas!<\/p>\n<p>A Vera trabalha na ind\u00fastria da maquilhagem desde os anos 2000, ap\u00f3s ter estudado sob a al\u00e7ada da Cristina Gomes. Enquanto artista h\u00edbrida, divide o seu tempo entre o mundo da televis\u00e3o e o mundo das noivas, ganhando assim uma vantagem \u00fanica no que toca \u00e0 maquilhagem das noivas: ela sabe como criar looks duradouros e que ficam bem na camera.<\/p>\n<p>O que a caracteriza? Pele natural, clean e luminosa, e um look leve que ser\u00e1 totalmente <em>a tua cara.<\/em>Noivas que gostam da maquilhagem \"no make up\" ficam bem entregues nas m\u00e3os da Vera.<\/p>\n<\/div>\n<div dir=\"ltr\"><\/div>\n<div dir=\"ltr\">\n<div id=\"attachment_12571\" style=\"width: 1610px\" class=\"wp-caption aligncenter\"><img loading=\"lazy\" decoding=\"async\" aria-describedby=\"caption-attachment-12571\" class=\"wp-image-12571 size-full\" src=\"https:\/\/www.ritaplacidophotography.com\/wp-content\/uploads\/2025\/05\/makeup-artist-in-lisbon-vera-mordido.webp\" alt=\"Bride with a mirror\" width=\"1600\" height=\"1067\" srcset=\"https:\/\/www.ritaplacidophotography.com\/wp-content\/uploads\/2025\/05\/makeup-artist-in-lisbon-vera-mordido.webp 1600w, https:\/\/www.ritaplacidophotography.com\/wp-content\/uploads\/2025\/05\/makeup-artist-in-lisbon-vera-mordido-300x200.webp 300w, https:\/\/www.ritaplacidophotography.com\/wp-content\/uploads\/2025\/05\/makeup-artist-in-lisbon-vera-mordido-1024x683.webp 1024w, https:\/\/www.ritaplacidophotography.com\/wp-content\/uploads\/2025\/05\/makeup-artist-in-lisbon-vera-mordido-768x512.webp 768w, https:\/\/www.ritaplacidophotography.com\/wp-content\/uploads\/2025\/05\/makeup-artist-in-lisbon-vera-mordido-1536x1024.webp 1536w, https:\/\/www.ritaplacidophotography.com\/wp-content\/uploads\/2025\/05\/makeup-artist-in-lisbon-vera-mordido-18x12.webp 18w, https:\/\/www.ritaplacidophotography.com\/wp-content\/uploads\/2025\/05\/makeup-artist-in-lisbon-vera-mordido-470x313.webp 470w, https:\/\/www.ritaplacidophotography.com\/wp-content\/uploads\/2025\/05\/makeup-artist-in-lisbon-vera-mordido-750x500.webp 750w\" sizes=\"(max-width: 1600px) 100vw, 1600px\" \/><p id=\"caption-attachment-12571\" class=\"wp-caption-text\">Fotografia por <a href=\"https:\/\/www.instagram.com\/carlosmendesphotography\/\" target=\"_blank\" rel=\"noopener\">Carlos Mendes<\/a><\/p><\/div>\n<\/div>\n<div dir=\"ltr\"><\/div>\n<h3>In\u00eas Pl\u00e1cido<\/h3>\n<p data-pm-slice=\"1 1 []\">Sim, Pl\u00e1cido soa familiar porque esta n\u00e3o \u00e9 apenas uma maquilhadora com quem eu trabalho regularmente, mas tamb\u00e9m a minha irm\u00e3. E sim, sou parcial, mas tamb\u00e9m j\u00e1 pude ver em primeira m\u00e3o como ela melhora as manh\u00e3s do casamento de v\u00e1rias noivas.<\/p>\n<p>Ap\u00f3s explorar v\u00e1rias artes durante a sua vida, a <a href=\"https:\/\/www.instagram.com\/inesplacido.mua\/\" target=\"_blank\" rel=\"noopener\">In\u00eas Pl\u00e1cido<\/a> encontrou a sua verdadeira paix\u00e3o na maquilhagem. Estudou na Lisbon Makeup School, e mais tarde focou-se na maquilhagem e cabelo de noivas. Nos \u00faltimos 5 anos j\u00e1 trabalhou em v\u00e1rios casamentos, produ\u00e7\u00f5es de televis\u00e3o e sess\u00f5es de moda.<\/p>\n<p>As suas noivas descrevem-na como algu\u00e9m que traz calma e alegria ao dia do casamento. O seu estilo \u00e9 moderno, natural e deixa qualquer noiva a sentir-se radiante. A In\u00eas \u00e9 tamb\u00e9m uma artista avaliada como 5 estrelas em v\u00e1rias plataformas de casamentos. O seu objetivo com o seu trabalho \u00e9 fazer maquilhagens bonitas, naturais, duradouras e que ficam na mem\u00f3ria de um dia inesquec\u00edvel.<\/p>\n<p>&nbsp;<\/p>\n<div id=\"attachment_12574\" style=\"width: 2570px\" class=\"wp-caption aligncenter\"><img loading=\"lazy\" decoding=\"async\" aria-describedby=\"caption-attachment-12574\" class=\"wp-image-12574 size-full\" src=\"https:\/\/www.ritaplacidophotography.com\/wp-content\/uploads\/2025\/05\/makeup-artist-in-lisbon-ines-placido-scaled.webp\" alt=\"\" width=\"2560\" height=\"1703\" srcset=\"https:\/\/www.ritaplacidophotography.com\/wp-content\/uploads\/2025\/05\/makeup-artist-in-lisbon-ines-placido-scaled.webp 2560w, https:\/\/www.ritaplacidophotography.com\/wp-content\/uploads\/2025\/05\/makeup-artist-in-lisbon-ines-placido-300x200.webp 300w, https:\/\/www.ritaplacidophotography.com\/wp-content\/uploads\/2025\/05\/makeup-artist-in-lisbon-ines-placido-1024x681.webp 1024w, https:\/\/www.ritaplacidophotography.com\/wp-content\/uploads\/2025\/05\/makeup-artist-in-lisbon-ines-placido-768x511.webp 768w, https:\/\/www.ritaplacidophotography.com\/wp-content\/uploads\/2025\/05\/makeup-artist-in-lisbon-ines-placido-1536x1022.webp 1536w, https:\/\/www.ritaplacidophotography.com\/wp-content\/uploads\/2025\/05\/makeup-artist-in-lisbon-ines-placido-2048x1363.webp 2048w, https:\/\/www.ritaplacidophotography.com\/wp-content\/uploads\/2025\/05\/makeup-artist-in-lisbon-ines-placido-18x12.webp 18w, https:\/\/www.ritaplacidophotography.com\/wp-content\/uploads\/2025\/05\/makeup-artist-in-lisbon-ines-placido-470x313.webp 470w, https:\/\/www.ritaplacidophotography.com\/wp-content\/uploads\/2025\/05\/makeup-artist-in-lisbon-ines-placido-751x500.webp 751w\" sizes=\"(max-width: 2560px) 100vw, 2560px\" \/><p id=\"caption-attachment-12574\" class=\"wp-caption-text\">Fotografia por <a href=\"\/pt\/www.ritaplacidophotography.com\/\" target=\"_blank\" rel=\"noopener\">Rita Pl\u00e1cido<\/a>; Make up by <a href=\"https:\/\/www.instagram.com\/inesplacido.mua\/\" target=\"_blank\" rel=\"noopener\">In\u00eas Pl\u00e1cido<\/a><\/p><\/div>\n<p><img loading=\"lazy\" decoding=\"async\" class=\"aligncenter wp-image-12681 size-full\" src=\"https:\/\/www.ritaplacidophotography.com\/wp-content\/uploads\/2025\/06\/makeup-artist-in-lisbon-ines-placido-2-scaled.jpg\" alt=\"\" width=\"1703\" height=\"2560\" srcset=\"https:\/\/www.ritaplacidophotography.com\/wp-content\/uploads\/2025\/06\/makeup-artist-in-lisbon-ines-placido-2-scaled.jpg 1703w, https:\/\/www.ritaplacidophotography.com\/wp-content\/uploads\/2025\/06\/makeup-artist-in-lisbon-ines-placido-2-200x300.jpg 200w, https:\/\/www.ritaplacidophotography.com\/wp-content\/uploads\/2025\/06\/makeup-artist-in-lisbon-ines-placido-2-681x1024.jpg 681w, https:\/\/www.ritaplacidophotography.com\/wp-content\/uploads\/2025\/06\/makeup-artist-in-lisbon-ines-placido-2-768x1154.jpg 768w, https:\/\/www.ritaplacidophotography.com\/wp-content\/uploads\/2025\/06\/makeup-artist-in-lisbon-ines-placido-2-1022x1536.jpg 1022w, https:\/\/www.ritaplacidophotography.com\/wp-content\/uploads\/2025\/06\/makeup-artist-in-lisbon-ines-placido-2-1363x2048.jpg 1363w, https:\/\/www.ritaplacidophotography.com\/wp-content\/uploads\/2025\/06\/makeup-artist-in-lisbon-ines-placido-2-8x12.jpg 8w, https:\/\/www.ritaplacidophotography.com\/wp-content\/uploads\/2025\/06\/makeup-artist-in-lisbon-ines-placido-2-233x350.jpg 233w, https:\/\/www.ritaplacidophotography.com\/wp-content\/uploads\/2025\/06\/makeup-artist-in-lisbon-ines-placido-2-333x500.jpg 333w\" sizes=\"(max-width: 1703px) 100vw, 1703px\" \/><\/p>\n<p>&nbsp;<\/p>\n<h3>Yara Lacerda<\/h3>\n<p data-pm-slice=\"1 1 []\">A Yara \u00e9 a alma e o cora\u00e7\u00e3o da <a href=\"https:\/\/www.makeuproomlisboa.com\/\" target=\"_blank\" rel=\"noopener\">Makeup Room Lisboa<\/a>, e uma das maquilhadoras mais respeitadas em Lisboa. O seu trabalho destaca-se pela sua sofistica\u00e7\u00e3o e diversidade. A Yara j\u00e1 trabalhou com clientes de todos as etnias, incluindo noivas angolanas, indianas e mu\u00e7ulmanas, adaptando sempre as suas t\u00e9cnicas com cuidado e criatividade.<\/p>\n<p>Foi publicada na Vogue Portugal e na Women's Health, e tem anos de experi\u00eancia a criar looks de noiva que s\u00e3o personalizados e intemporais. O seu est\u00fadio est\u00e1 localizado em Moscavide, mas muitas vezes viaja para maquilhar as suas noivas por todo o Portugal.<\/p>\n<p>A Yara traz eleg\u00e2ncia e proximidade a cada casamento em que trabalha, e a sua aten\u00e7\u00e3o ao detalhe faz com que as noivas fiquem (e se sintam) na sua melhor vers\u00e3o.<\/p>\n<p>&nbsp;<\/p>\n<div id=\"attachment_12679\" style=\"width: 1713px\" class=\"wp-caption aligncenter\"><img loading=\"lazy\" decoding=\"async\" aria-describedby=\"caption-attachment-12679\" class=\"wp-image-12679 size-full\" src=\"https:\/\/www.ritaplacidophotography.com\/wp-content\/uploads\/2025\/06\/makeup-artist-in-lisbon-yara-lacerda-2-scaled.jpg\" alt=\"\" width=\"1703\" height=\"2560\" srcset=\"https:\/\/www.ritaplacidophotography.com\/wp-content\/uploads\/2025\/06\/makeup-artist-in-lisbon-yara-lacerda-2-scaled.jpg 1703w, https:\/\/www.ritaplacidophotography.com\/wp-content\/uploads\/2025\/06\/makeup-artist-in-lisbon-yara-lacerda-2-200x300.jpg 200w, https:\/\/www.ritaplacidophotography.com\/wp-content\/uploads\/2025\/06\/makeup-artist-in-lisbon-yara-lacerda-2-681x1024.jpg 681w, https:\/\/www.ritaplacidophotography.com\/wp-content\/uploads\/2025\/06\/makeup-artist-in-lisbon-yara-lacerda-2-768x1154.jpg 768w, https:\/\/www.ritaplacidophotography.com\/wp-content\/uploads\/2025\/06\/makeup-artist-in-lisbon-yara-lacerda-2-1022x1536.jpg 1022w, https:\/\/www.ritaplacidophotography.com\/wp-content\/uploads\/2025\/06\/makeup-artist-in-lisbon-yara-lacerda-2-1363x2048.jpg 1363w, https:\/\/www.ritaplacidophotography.com\/wp-content\/uploads\/2025\/06\/makeup-artist-in-lisbon-yara-lacerda-2-8x12.jpg 8w, https:\/\/www.ritaplacidophotography.com\/wp-content\/uploads\/2025\/06\/makeup-artist-in-lisbon-yara-lacerda-2-233x350.jpg 233w, https:\/\/www.ritaplacidophotography.com\/wp-content\/uploads\/2025\/06\/makeup-artist-in-lisbon-yara-lacerda-2-333x500.jpg 333w\" sizes=\"(max-width: 1703px) 100vw, 1703px\" \/><p id=\"caption-attachment-12679\" class=\"wp-caption-text\">Fotografia por <a href=\"\/pt\/www.ritaplacidophotography.com\/\" target=\"_blank\" rel=\"noopener\">Rita Pl\u00e1cido<\/a>; Make up by <a href=\"https:\/\/www.makeuproomlisboa.com\/\" target=\"_blank\" rel=\"noopener\">Yara Lacerda<\/a><\/p><\/div>\n<p>&nbsp;<\/p>\n<h3>Francisca Bairros<\/h3>\n<div>\n<p data-pm-slice=\"1 1 []\"><a href=\"https:\/\/www.franciscabairros.com\/\" target=\"_blank\" rel=\"noopener\">Francisca Bairros<\/a> trabalha na ind\u00fastria da maquilhagem desde 2013, e j\u00e1 fez um pouco de tudo: televis\u00e3o, eventos red carpet, sess\u00f5es de moda, publicidade, e claro, casamentos.<\/p>\n<p>Trabalha maioritariamente em Lisboa e Cascais, mas fica feliz sempre que os casamentos a levam a um s\u00edtio novo. O que destaca a Francisca \u00e9 a sua experi\u00eancia em tantos campos diferentes da maquilhagem, fazendo com que as suas modelos (ou noivas) fiquem impec\u00e1veis quer na vida real, como em fotografias.<\/p>\n<p>A Francisca \u00e9 tamb\u00e9m formadora. Em 2024, criou a Beauty Class juntamente com a Raquel Estevens e a Beatriz Texugo, onde pode ensinar mais sobre maquilhagem de noivas a futuras maquilhadoras.<\/p>\n<p>O seu estilo \u00e9 luminoso, natural, o tipo de maquilhagem que parece acontecer sem esfor\u00e7o, mas requer uma m\u00e3o bastante talentosa por tr\u00e1s.<\/p>\n<\/div>\n<p>&nbsp;<\/p>\n<div id=\"attachment_12694\" style=\"width: 2570px\" class=\"wp-caption aligncenter\"><img loading=\"lazy\" decoding=\"async\" aria-describedby=\"caption-attachment-12694\" class=\"wp-image-12694 size-full\" src=\"https:\/\/www.ritaplacidophotography.com\/wp-content\/uploads\/2025\/06\/makeup-artist-in-lisbon-francisca-de-bairros-3-scaled.jpg\" alt=\"\" width=\"2560\" height=\"1709\" srcset=\"https:\/\/www.ritaplacidophotography.com\/wp-content\/uploads\/2025\/06\/makeup-artist-in-lisbon-francisca-de-bairros-3-scaled.jpg 2560w, https:\/\/www.ritaplacidophotography.com\/wp-content\/uploads\/2025\/06\/makeup-artist-in-lisbon-francisca-de-bairros-3-300x200.jpg 300w, https:\/\/www.ritaplacidophotography.com\/wp-content\/uploads\/2025\/06\/makeup-artist-in-lisbon-francisca-de-bairros-3-1024x684.jpg 1024w, https:\/\/www.ritaplacidophotography.com\/wp-content\/uploads\/2025\/06\/makeup-artist-in-lisbon-francisca-de-bairros-3-768x513.jpg 768w, https:\/\/www.ritaplacidophotography.com\/wp-content\/uploads\/2025\/06\/makeup-artist-in-lisbon-francisca-de-bairros-3-1536x1025.jpg 1536w, https:\/\/www.ritaplacidophotography.com\/wp-content\/uploads\/2025\/06\/makeup-artist-in-lisbon-francisca-de-bairros-3-2048x1367.jpg 2048w, https:\/\/www.ritaplacidophotography.com\/wp-content\/uploads\/2025\/06\/makeup-artist-in-lisbon-francisca-de-bairros-3-18x12.jpg 18w, https:\/\/www.ritaplacidophotography.com\/wp-content\/uploads\/2025\/06\/makeup-artist-in-lisbon-francisca-de-bairros-3-470x314.jpg 470w, https:\/\/www.ritaplacidophotography.com\/wp-content\/uploads\/2025\/06\/makeup-artist-in-lisbon-francisca-de-bairros-3-749x500.jpg 749w\" sizes=\"(max-width: 2560px) 100vw, 2560px\" \/><p id=\"caption-attachment-12694\" class=\"wp-caption-text\">Fotografia por <a href=\"\/pt\/www.ritaplacidophotography.com\/\" target=\"_blank\" rel=\"noopener\">Rita Pl\u00e1cido<\/a>; Make up by <a href=\"https:\/\/www.franciscabairros.com\/\" target=\"_blank\" rel=\"noopener\">Francisca de Bairros<\/a><\/p><\/div>\n<p><img loading=\"lazy\" decoding=\"async\" class=\"aligncenter wp-image-12692 size-full\" src=\"https:\/\/www.ritaplacidophotography.com\/wp-content\/uploads\/2025\/06\/stephaniestephen-sneakpeek-44-1-scaled.jpg\" alt=\"\" width=\"2560\" height=\"1709\" srcset=\"https:\/\/www.ritaplacidophotography.com\/wp-content\/uploads\/2025\/06\/stephaniestephen-sneakpeek-44-1-scaled.jpg 2560w, https:\/\/www.ritaplacidophotography.com\/wp-content\/uploads\/2025\/06\/stephaniestephen-sneakpeek-44-1-300x200.jpg 300w, https:\/\/www.ritaplacidophotography.com\/wp-content\/uploads\/2025\/06\/stephaniestephen-sneakpeek-44-1-1024x684.jpg 1024w, https:\/\/www.ritaplacidophotography.com\/wp-content\/uploads\/2025\/06\/stephaniestephen-sneakpeek-44-1-768x513.jpg 768w, https:\/\/www.ritaplacidophotography.com\/wp-content\/uploads\/2025\/06\/stephaniestephen-sneakpeek-44-1-1536x1025.jpg 1536w, https:\/\/www.ritaplacidophotography.com\/wp-content\/uploads\/2025\/06\/stephaniestephen-sneakpeek-44-1-2048x1367.jpg 2048w, https:\/\/www.ritaplacidophotography.com\/wp-content\/uploads\/2025\/06\/stephaniestephen-sneakpeek-44-1-18x12.jpg 18w, https:\/\/www.ritaplacidophotography.com\/wp-content\/uploads\/2025\/06\/stephaniestephen-sneakpeek-44-1-470x314.jpg 470w, https:\/\/www.ritaplacidophotography.com\/wp-content\/uploads\/2025\/06\/stephaniestephen-sneakpeek-44-1-749x500.jpg 749w\" sizes=\"(max-width: 2560px) 100vw, 2560px\" \/><\/p>\n<p>&nbsp;<\/p>\n<p>&nbsp;<\/p>\n<h3>Catarina Duque<\/h3>\n<p data-pm-slice=\"1 1 []\"><a href=\"https:\/\/www.instagram.com\/catarinaduque.mua\" target=\"_blank\" rel=\"noopener\">Catarina Duque<\/a> descobriu o seu amor por maquilhagem de noivas ap\u00f3s se casar em 2018. Desde ent\u00e3o, treinou intensivamente quer atrav\u00e9s de workshops, mas tamb\u00e9m completando o curso da Maria Casanova em 2020, tornando-se oficialmente maquilhadora profissional.<\/p>\n<p>Com est\u00fadio situado na grande Lisboa, \u00e9 uma grande f\u00e3 de viajar por Portugal fora para casamentos, especialmente destination weddings. A sua abordagem \u00e9 totalmente personalizada \u00e0 noiva. Ela acredita que a maquilhagem deve complementar a vibe do casamento, por isso a Catarina quer ver o vestido, a venue e a decora\u00e7\u00e3o antes de recomendar o melhor look para ti.<\/p>\n<p>A Catarina considera o seu estilo \"glam natural de alta resist\u00eancia\". Noutras palavras, vais ficar incr\u00edvel e a tua maquilhagem vai se manter intacta independentemente do qu\u00e3o emocional fiques durante os votos. J\u00e1 recebeu in\u00fameras boas reviews nas plataformas de casamento onde se encontra, que elogiam sempre o seu profissionalismo e a calma que transmite no dia do casamento.<\/p>\n<p>&nbsp;<\/p>\n<div id=\"attachment_12672\" style=\"width: 1713px\" class=\"wp-caption aligncenter\"><img loading=\"lazy\" decoding=\"async\" aria-describedby=\"caption-attachment-12672\" class=\"wp-image-12672 size-full\" src=\"https:\/\/www.ritaplacidophotography.com\/wp-content\/uploads\/2025\/06\/makeup-artist-in-lisbon-catarina-duque-scaled.jpg\" alt=\"\" width=\"1703\" height=\"2560\" srcset=\"https:\/\/www.ritaplacidophotography.com\/wp-content\/uploads\/2025\/06\/makeup-artist-in-lisbon-catarina-duque-scaled.jpg 1703w, https:\/\/www.ritaplacidophotography.com\/wp-content\/uploads\/2025\/06\/makeup-artist-in-lisbon-catarina-duque-200x300.jpg 200w, https:\/\/www.ritaplacidophotography.com\/wp-content\/uploads\/2025\/06\/makeup-artist-in-lisbon-catarina-duque-681x1024.jpg 681w, https:\/\/www.ritaplacidophotography.com\/wp-content\/uploads\/2025\/06\/makeup-artist-in-lisbon-catarina-duque-768x1154.jpg 768w, https:\/\/www.ritaplacidophotography.com\/wp-content\/uploads\/2025\/06\/makeup-artist-in-lisbon-catarina-duque-1022x1536.jpg 1022w, https:\/\/www.ritaplacidophotography.com\/wp-content\/uploads\/2025\/06\/makeup-artist-in-lisbon-catarina-duque-1363x2048.jpg 1363w, https:\/\/www.ritaplacidophotography.com\/wp-content\/uploads\/2025\/06\/makeup-artist-in-lisbon-catarina-duque-8x12.jpg 8w, https:\/\/www.ritaplacidophotography.com\/wp-content\/uploads\/2025\/06\/makeup-artist-in-lisbon-catarina-duque-233x350.jpg 233w, https:\/\/www.ritaplacidophotography.com\/wp-content\/uploads\/2025\/06\/makeup-artist-in-lisbon-catarina-duque-333x500.jpg 333w\" sizes=\"(max-width: 1703px) 100vw, 1703px\" \/><p id=\"caption-attachment-12672\" class=\"wp-caption-text\">Fotografia por <a href=\"\/pt\/www.ritaplacidophotography.com\/\" target=\"_blank\" rel=\"noopener\">Rita Pl\u00e1cido<\/a><\/p><\/div>\n<h3><\/h3>\n<h3>Fresh Face<\/h3>\n<p data-start=\"126\" data-end=\"476\">Com sede em Lisboa, a <a href=\"https:\/\/www.freshthisface.com\/\" target=\"_blank\" rel=\"noopener\">Fresh Faced<\/a> \u00e9 um coletivo de artistas profissionais de maquilhagem fundado em 2019 pela Lola Carvalho e o Miguel Stapleton, mais tarde refor\u00e7ado pela In\u00eas Aguiar e a Teresa Pilkington. O que come\u00e7ou como uma parceria criativa evoluiu para uma equipa din\u00e2mica que conta com mais de 18 talentosos artistas, em que cada um traz os seus conhecimentos, a sua paix\u00e3o e a sua arte para cada casamento.<\/p>\n<p data-start=\"478\" data-end=\"772\">A Fresh Faced \u00e9 conhecida pela sua abordagem multicultural, e orgulham-se de conseguir comunicar com as suas noivas em v\u00e1rias l\u00ednguas, tais como ingl\u00eas, portugu\u00eas, espanhol, franc\u00eas, alem\u00e3o, ucraniano e lituano. Caso sejam noivas portuguesas ou a planear um casamento em Portugal a partir de outro pa\u00eds, com a Fresh Faced ser\u00e3o verdadeiramente vistas e ouvidas.<\/p>\n<p data-start=\"774\" data-end=\"1136\">Esta equipa tem bastante experi\u00eancia em trabalhar peles de todo o tipo de origens, incluindo peles asi\u00e1ticas, indianas, do m\u00e9dio oriente, africanas, europeias e americanas. \u00c9 garantida a empatia, inclus\u00e3o e experi\u00eancia de alta qualidade para cada noiva. A Fresh Faced adapta a sua arte com cuidado e respeito, criando looks que honram a vossa identidade, tradi\u00e7\u00f5es e valores.<\/p>\n<p data-start=\"1138\" data-end=\"1397\">A Fresh Faced \u00e9 especializada em beleza de noiva de alta qualidade, com inspira\u00e7\u00e3o editorial. O seu trabalho \u00e9 sofisticado, mas moderno, sendo uma excelente escolha para noivas com grandes grupos de madrinhas, casamentos multiculturais ou para qualquer noiva que procure uma eleg\u00e2ncia intemporal com um toque personalizado.<\/p>\n<p>&nbsp;<\/p>\n<h3>In\u00eas Matos<\/h3>\n<p data-pm-slice=\"1 1 []\"><a href=\"https:\/\/www.instagram.com\/beautyboost_by_inesmatos\/\" target=\"_blank\" rel=\"noopener\">In\u00eas Matos<\/a> \u00e9 a artista por detr\u00e1s da Beauty Boost. Traz com ela uma abordagem moderna e radiante \u00e0 maquilhagem de noivas. \u00c9 especialista em salientar as caracter\u00edsticas \u00fanicas de cada noiva com um trabalho de pele leve e favorecedor. Desta forma, as noivas sentem-se elas pr\u00f3prias, bonitas e na sua melhor vers\u00e3o.<\/p>\n<p>O seu trabalho combina a eleg\u00e2ncia com a prepara\u00e7\u00e3o de pele, garantindo que a maquilhagem aguentar\u00e1 todas as emo\u00e7\u00f5es por viver no dia do casamento. A In\u00eas \u00e9 tamb\u00e9m altamente atenta aos detalhes, carinhosa e transmite paz e calma \u00e0s noivas na manh\u00e3 do seu casamento.<\/p>\n<p>Se procuram um \"brilho\" natural e moderno, a Beauty Boost by In\u00eas Matos \u00e9 o vosso par perfeito.<\/p>\n<p>&nbsp;<\/p>\n<div id=\"attachment_12683\" style=\"width: 2570px\" class=\"wp-caption aligncenter\"><img loading=\"lazy\" decoding=\"async\" aria-describedby=\"caption-attachment-12683\" class=\"wp-image-12683 size-full\" src=\"https:\/\/www.ritaplacidophotography.com\/wp-content\/uploads\/2025\/06\/makeup-artist-in-lisbon-ines-matos-scaled.jpg\" alt=\"\" width=\"2560\" height=\"1703\" srcset=\"https:\/\/www.ritaplacidophotography.com\/wp-content\/uploads\/2025\/06\/makeup-artist-in-lisbon-ines-matos-scaled.jpg 2560w, https:\/\/www.ritaplacidophotography.com\/wp-content\/uploads\/2025\/06\/makeup-artist-in-lisbon-ines-matos-300x200.jpg 300w, https:\/\/www.ritaplacidophotography.com\/wp-content\/uploads\/2025\/06\/makeup-artist-in-lisbon-ines-matos-1024x681.jpg 1024w, https:\/\/www.ritaplacidophotography.com\/wp-content\/uploads\/2025\/06\/makeup-artist-in-lisbon-ines-matos-768x511.jpg 768w, https:\/\/www.ritaplacidophotography.com\/wp-content\/uploads\/2025\/06\/makeup-artist-in-lisbon-ines-matos-1536x1022.jpg 1536w, https:\/\/www.ritaplacidophotography.com\/wp-content\/uploads\/2025\/06\/makeup-artist-in-lisbon-ines-matos-2048x1363.jpg 2048w, https:\/\/www.ritaplacidophotography.com\/wp-content\/uploads\/2025\/06\/makeup-artist-in-lisbon-ines-matos-18x12.jpg 18w, https:\/\/www.ritaplacidophotography.com\/wp-content\/uploads\/2025\/06\/makeup-artist-in-lisbon-ines-matos-470x313.jpg 470w, https:\/\/www.ritaplacidophotography.com\/wp-content\/uploads\/2025\/06\/makeup-artist-in-lisbon-ines-matos-751x500.jpg 751w\" sizes=\"(max-width: 2560px) 100vw, 2560px\" \/><p id=\"caption-attachment-12683\" class=\"wp-caption-text\">Fotografia por <a href=\"\/pt\/www.ritaplacidophotography.com\/\" target=\"_blank\" rel=\"noopener\">Rita Pl\u00e1cido<\/a>; Make up by <a href=\"https:\/\/www.instagram.com\/beautyboost_by_inesmatos\/\" target=\"_blank\" rel=\"noopener\">In\u00eas Matos<\/a><\/p><\/div>\n<p><img loading=\"lazy\" decoding=\"async\" class=\"aligncenter wp-image-12686 size-full\" src=\"https:\/\/www.ritaplacidophotography.com\/wp-content\/uploads\/2025\/06\/makeup-artist-in-lisbon-ines-matos-2-1-scaled.jpg\" alt=\"melhores maquilhadoras de noiva em Lisboa - grupo de noiva e madrinhas a andar e a rir\" width=\"2560\" height=\"1703\" srcset=\"https:\/\/www.ritaplacidophotography.com\/wp-content\/uploads\/2025\/06\/makeup-artist-in-lisbon-ines-matos-2-1-scaled.jpg 2560w, https:\/\/www.ritaplacidophotography.com\/wp-content\/uploads\/2025\/06\/makeup-artist-in-lisbon-ines-matos-2-1-300x200.jpg 300w, https:\/\/www.ritaplacidophotography.com\/wp-content\/uploads\/2025\/06\/makeup-artist-in-lisbon-ines-matos-2-1-1024x681.jpg 1024w, https:\/\/www.ritaplacidophotography.com\/wp-content\/uploads\/2025\/06\/makeup-artist-in-lisbon-ines-matos-2-1-768x511.jpg 768w, https:\/\/www.ritaplacidophotography.com\/wp-content\/uploads\/2025\/06\/makeup-artist-in-lisbon-ines-matos-2-1-1536x1022.jpg 1536w, https:\/\/www.ritaplacidophotography.com\/wp-content\/uploads\/2025\/06\/makeup-artist-in-lisbon-ines-matos-2-1-2048x1363.jpg 2048w, https:\/\/www.ritaplacidophotography.com\/wp-content\/uploads\/2025\/06\/makeup-artist-in-lisbon-ines-matos-2-1-18x12.jpg 18w, https:\/\/www.ritaplacidophotography.com\/wp-content\/uploads\/2025\/06\/makeup-artist-in-lisbon-ines-matos-2-1-470x313.jpg 470w, https:\/\/www.ritaplacidophotography.com\/wp-content\/uploads\/2025\/06\/makeup-artist-in-lisbon-ines-matos-2-1-751x500.jpg 751w\" sizes=\"(max-width: 2560px) 100vw, 2560px\" \/><\/p>\n<h3><\/h3>\n<p>&nbsp;<\/p>\n<p>Encontrar a maquilhadora perfeita \u00e9 mais do que escolher o teu look para o grande dia. \u00c9 sobre encontrar algu\u00e9m que te ou\u00e7a, que entenda a tua vis\u00e3o e que fique respons\u00e1vel por te fazer sentir confiante, calma e bonita num dos dias mais importantes da tua vida.<\/p>\n<p>Lisboa \u00e9 casa para algumas das melhores maquilhadoras da ind\u00fastria, e caso procures um nome mais afamado ou uma maquilhadora a dar os primeiros passos, \u00e9 garantido que ir\u00e1s encontrar algu\u00e9m incr\u00edvel que dar\u00e1 vida ao teu look de noiva.<\/p>\n<p>Espero que este guia das melhores maquilhadoras em Lisboa te ajude a encontrar o teu \"perfect match\". E se ainda est\u00e1s \u00e0 procura da fot\u00f3grafa perfeita... <a href=\"https:\/\/www.ritaplacidophotography.com\/pt\/fotografa-casamentos-lisboa\/\" target=\"_blank\" rel=\"noopener\">bem, sabes onde me encontrar<\/a> <span class=\"x19la9d6 x1fc57z9 x6ikm8r x10wlt62 x19co3pv x1g5zs5t xfibh0p xiy17q3 x1xsqp64 x1lkfr7t xexx8yu xyri2b x18d9i69 x1c1uobl\"><span class=\"xrtxmta x1bhl96m\">\ud83e\ude77<\/span><\/span><\/p>\n<p>&nbsp;<\/p>\n<p>&nbsp;<\/p>","protected":false},"excerpt":{"rendered":"<p>Planning your dream wedding in Lisbon, Portugal? Then you\u2019ll want to feel like your most radiant self on your big day, and that\u2019s where the magic of the right makeup artist comes in. Lisbon is home to some of the most talented professionals in the wedding industry, known for their expertise, artistry, and ability to&#8230;<\/p>","protected":false},"author":1,"featured_media":12686,"comment_status":"open","ping_status":"open","sticky":false,"template":"","format":"standard","meta":{"_acf_changed":false,"footnotes":""},"categories":[5],"tags":[],"class_list":["post-12430","post","type-post","status-publish","format-standard","has-post-thumbnail","hentry","category-weddingplanning"],"acf":[],"_links":{"self":[{"href":"https:\/\/www.ritaplacidophotography.com\/pt\/wp-json\/wp\/v2\/posts\/12430","targetHints":{"allow":["GET"]}}],"collection":[{"href":"https:\/\/www.ritaplacidophotography.com\/pt\/wp-json\/wp\/v2\/posts"}],"about":[{"href":"https:\/\/www.ritaplacidophotography.com\/pt\/wp-json\/wp\/v2\/types\/post"}],"author":[{"embeddable":true,"href":"https:\/\/www.ritaplacidophotography.com\/pt\/wp-json\/wp\/v2\/users\/1"}],"replies":[{"embeddable":true,"href":"https:\/\/www.ritaplacidophotography.com\/pt\/wp-json\/wp\/v2\/comments?post=12430"}],"version-history":[{"count":27,"href":"https:\/\/www.ritaplacidophotography.com\/pt\/wp-json\/wp\/v2\/posts\/12430\/revisions"}],"predecessor-version":[{"id":12888,"href":"https:\/\/www.ritaplacidophotography.com\/pt\/wp-json\/wp\/v2\/posts\/12430\/revisions\/12888"}],"wp:featuredmedia":[{"embeddable":true,"href":"https:\/\/www.ritaplacidophotography.com\/pt\/wp-json\/wp\/v2\/media\/12686"}],"wp:attachment":[{"href":"https:\/\/www.ritaplacidophotography.com\/pt\/wp-json\/wp\/v2\/media?parent=12430"}],"wp:term":[{"taxonomy":"category","embeddable":true,"href":"https:\/\/www.ritaplacidophotography.com\/pt\/wp-json\/wp\/v2\/categories?post=12430"},{"taxonomy":"post_tag","embeddable":true,"href":"https:\/\/www.ritaplacidophotography.com\/pt\/wp-json\/wp\/v2\/tags?post=12430"}],"curies":[{"name":"wp","href":"https:\/\/api.w.org\/{rel}","templated":true}]}}