{"id":3200,"date":"2020-04-01T22:56:57","date_gmt":"2020-04-01T22:56:57","guid":{"rendered":"https:\/\/www.ritaplacidophotography.com\/?p=3200"},"modified":"2025-03-26T13:47:36","modified_gmt":"2025-03-26T13:47:36","slug":"2019-em-100-imagens","status":"publish","type":"post","link":"https:\/\/www.ritaplacidophotography.com\/pt\/2019-em-100-imagens\/","title":{"rendered":"2019 em 100 imagens"},"content":{"rendered":"<div data-draftjs-conductor-fragment=\"{&quot;blocks&quot;:[{&quot;key&quot;:&quot;c9n49&quot;,&quot;text&quot;:&quot;Sei que por norma se faz isto mais cedo, vendo bem 2020 j\u00e1 vai com 4 meses. Inicialmente n\u00e3o era para fazer este v\u00eddeo, mas agora fechada em casa, tempo \u00e9 coisa que n\u00e3o me falta. &quot;,&quot;type&quot;:&quot;unstyled&quot;,&quot;depth&quot;:0,&quot;inlineStyleRanges&quot;:[],&quot;entityRanges&quot;:[],&quot;data&quot;:{}},{&quot;key&quot;:&quot;7dvmc&quot;,&quot;text&quot;:&quot;Soube-me bem fazer este slide show. N\u00e3o s\u00e3o todas as minhas fotografias preferidas, nem todas s\u00e3o o que melhor mostra o meu trabalho ou personalidade, mas resume bem o que foi o meu ano, as pessoas que passaram por mim.&quot;,&quot;type&quot;:&quot;unstyled&quot;,&quot;depth&quot;:0,&quot;inlineStyleRanges&quot;:[],&quot;entityRanges&quot;:[],&quot;data&quot;:{}},{&quot;key&quot;:&quot;3h681&quot;,&quot;text&quot;:&quot;Trouxe-me saudades, mas primeiro, esperan\u00e7a. Nestes tempos complicados que vivemos, de distanciamento social, onde um abra\u00e7o \u00e9 proibido e eventos sociais, nem falar deles, rever estas imagens fazem-me ansiar pelo que a\u00ed vem. E tenho a certeza que ser\u00e1 muito bom! Independentemente daquilo que digam, da crise que se avizinha, que \u00e9 tudo verdade, eu tenho a certeza que o que a\u00ed vem, ser\u00e1 muito bom. Pode ser pouco, mas vai ser muito bom!&quot;,&quot;type&quot;:&quot;unstyled&quot;,&quot;depth&quot;:0,&quot;inlineStyleRanges&quot;:[],&quot;entityRanges&quot;:[],&quot;data&quot;:{}},{&quot;key&quot;:&quot;6626o&quot;,&quot;text&quot;:&quot;&quot;,&quot;type&quot;:&quot;unstyled&quot;,&quot;depth&quot;:0,&quot;inlineStyleRanges&quot;:[],&quot;entityRanges&quot;:[],&quot;data&quot;:{}},{&quot;key&quot;:&quot;97r17&quot;,&quot;text&quot;:&quot;E penso que este v\u00eddeo vos far\u00e1 t\u00e3o bem como me fez a mim.&quot;,&quot;type&quot;:&quot;unstyled&quot;,&quot;depth&quot;:0,&quot;inlineStyleRanges&quot;:[],&quot;entityRanges&quot;:[],&quot;data&quot;:{}},{&quot;key&quot;:&quot;v9s5&quot;,&quot;text&quot;:&quot;Aos noivos, que ficar\u00e3o com esperan\u00e7a e nervoso m\u00fadinho para o vosso dia que, pode vir mais tarde que o previsto, mas seguramente vir\u00e1.&quot;,&quot;type&quot;:&quot;unstyled&quot;,&quot;depth&quot;:0,&quot;inlineStyleRanges&quot;:[],&quot;entityRanges&quot;:[],&quot;data&quot;:{}},{&quot;key&quot;:&quot;5qpgv&quot;,&quot;text&quot;:&quot;Para os j\u00e1 casados, que vos saber\u00e1 bem rever um pouco do vosso dia.&quot;,&quot;type&quot;:&quot;unstyled&quot;,&quot;depth&quot;:0,&quot;inlineStyleRanges&quot;:[],&quot;entityRanges&quot;:[],&quot;data&quot;:{}},{&quot;key&quot;:&quot;91ps3&quot;,&quot;text&quot;:&quot;E para mim, d\u00e1-me a certeza e a esperan\u00e7a que melhores dias vir\u00e3o. &quot;,&quot;type&quot;:&quot;unstyled&quot;,&quot;depth&quot;:0,&quot;inlineStyleRanges&quot;:[],&quot;entityRanges&quot;:[],&quot;data&quot;:{}}],&quot;entityMap&quot;:{}}\">\n<div class=\"jwLWP _2hXa7 _30PMG blog-post-text-font blog-post-text-color public-DraftStyleDefault-block-depth0 public-DraftStyleDefault-text-ltr\" data-block=\"true\" data-editor=\"editor\" data-offset-key=\"foo-0-0\">\n<div class=\"public-DraftStyleDefault-block public-DraftStyleDefault-ltr\" data-offset-key=\"foo-0-0\">I know that usually photographers post this earlier in the year, we&#8217;re already in April. Initially I wasn&#8217;t supposed to do this video, but now that I&#8217;m on quaratine, time is all I have.<\/div>\n<div data-offset-key=\"foo-0-0\">I really enjoyed doing this slideshow. Not all of these photos are some of my favorites, not all of these photos show my best work or my personality. But I think this is a good way to sum up my year and the people who gave me the opportunity to photograph them.<\/div>\n<div data-offset-key=\"foo-0-0\">I miss these times but mostly, this gave me hope. In these difficult times we&#8217;re living, of social distancing, where a hug is forbidden and we can&#8217;t even think about social events, seeing this pictures makes me look forward to the future. I&#8217;m sure it will be so good! Regardless of what they say, of the crisis that&#8217;s just around the corner, all that is true, but I&#8217;m sure that the times to come will be so good. It might not be much, but it will be great!<\/div>\n<\/div>\n<\/div>\n<div data-offset-key=\"foo-0-0\"><\/div>\n<div data-offset-key=\"foo-0-0\">I think this slideshow will be as good to you as it was to me.<\/div>\n<div data-offset-key=\"foo-0-0\">To my couples, who will be filled with hope for their wedding day that might take longer that expected but will surely arrive.<\/div>\n<div data-offset-key=\"foo-0-0\">To the married couples I had the chance to photograph in the past, the opportunity to review their wedding photos.<\/div>\n<div data-offset-key=\"foo-0-0\">And to me, gives me the guarantee that better days are ahead.<\/div>\n<div data-offset-key=\"foo-0-0\"><\/div>\n<div data-offset-key=\"br0d5-0-0\">\n<p><iframe title=\"2019 em 100 imagens\" src=\"https:\/\/player.vimeo.com\/video\/403068140?dnt=1&amp;app_id=122963\" width=\"1170\" height=\"658\" frameborder=\"0\" allow=\"autoplay; fullscreen; picture-in-picture; clipboard-write; encrypted-media\"><\/iframe><\/p>\n<\/div>\n","protected":false},"excerpt":{"rendered":"<p>Sei que por norma se faz isto mais cedo, vendo bem 2020 j\u00e1 vai com 4 meses. Inicialmente n\u00e3o era para fazer este v\u00eddeo, mas agora fechada em casa, tempo \u00e9 coisa que n\u00e3o me falta.<\/p>","protected":false},"author":1,"featured_media":3020,"comment_status":"open","ping_status":"open","sticky":false,"template":"","format":"standard","meta":{"_acf_changed":false,"footnotes":""},"categories":[27],"tags":[],"class_list":["post-3200","post","type-post","status-publish","format-standard","has-post-thumbnail","hentry","category-best-of"],"acf":[],"_links":{"self":[{"href":"https:\/\/www.ritaplacidophotography.com\/pt\/wp-json\/wp\/v2\/posts\/3200","targetHints":{"allow":["GET"]}}],"collection":[{"href":"https:\/\/www.ritaplacidophotography.com\/pt\/wp-json\/wp\/v2\/posts"}],"about":[{"href":"https:\/\/www.ritaplacidophotography.com\/pt\/wp-json\/wp\/v2\/types\/post"}],"author":[{"embeddable":true,"href":"https:\/\/www.ritaplacidophotography.com\/pt\/wp-json\/wp\/v2\/users\/1"}],"replies":[{"embeddable":true,"href":"https:\/\/www.ritaplacidophotography.com\/pt\/wp-json\/wp\/v2\/comments?post=3200"}],"version-history":[{"count":2,"href":"https:\/\/www.ritaplacidophotography.com\/pt\/wp-json\/wp\/v2\/posts\/3200\/revisions"}],"predecessor-version":[{"id":11682,"href":"https:\/\/www.ritaplacidophotography.com\/pt\/wp-json\/wp\/v2\/posts\/3200\/revisions\/11682"}],"wp:featuredmedia":[{"embeddable":true,"href":"https:\/\/www.ritaplacidophotography.com\/pt\/wp-json\/wp\/v2\/media\/3020"}],"wp:attachment":[{"href":"https:\/\/www.ritaplacidophotography.com\/pt\/wp-json\/wp\/v2\/media?parent=3200"}],"wp:term":[{"taxonomy":"category","embeddable":true,"href":"https:\/\/www.ritaplacidophotography.com\/pt\/wp-json\/wp\/v2\/categories?post=3200"},{"taxonomy":"post_tag","embeddable":true,"href":"https:\/\/www.ritaplacidophotography.com\/pt\/wp-json\/wp\/v2\/tags?post=3200"}],"curies":[{"name":"wp","href":"https:\/\/api.w.org\/{rel}","templated":true}]}}