{"id":3220,"date":"2025-01-09T19:00:23","date_gmt":"2025-01-09T19:00:23","guid":{"rendered":"https:\/\/www.ritaplacidophotography.com\/?p=3220"},"modified":"2025-03-25T12:33:20","modified_gmt":"2025-03-25T12:33:20","slug":"razoes-para-casamento-inverno","status":"publish","type":"post","link":"https:\/\/www.ritaplacidophotography.com\/pt\/reasons-to-have-a-winter-wedding\/","title":{"rendered":"As melhores 10 raz\u00f5es para te casares no Inverno em Portugal"},"content":{"rendered":"<div data-draftjs-conductor-fragment=\"{&quot;blocks&quot;:[{&quot;key&quot;:&quot;2n2vl&quot;,&quot;text&quot;:&quot;Hoje em dia s\u00e3o muitos os casais que se debatem com um dilema que, h\u00e1 uns meses atr\u00e1s, era completamente impens\u00e1vel: Ter que adiar o dia do seu casamento por uma pandemia. Em p\u00e2nico sem saber se devem adiar, para quando devem adiar, se v\u00e3o conseguir ter todos os fornecedores dispon\u00edveis para a data que pretendem, etc.&quot;,&quot;type&quot;:&quot;unstyled&quot;,&quot;depth&quot;:0,&quot;inlineStyleRanges&quot;:[],&quot;entityRanges&quot;:[],&quot;data&quot;:{}},{&quot;key&quot;:&quot;cs40u&quot;,&quot;text&quot;:&quot;V\u00e1rios casais que j\u00e1 tomaram a decis\u00e3o de alterar a data do seu casamento, agora deparam-se com um dos maiores medos de todos os noivos e noivas do mundo: Os fornecedores n\u00e3o t\u00eam a data dispon\u00edvel. Ou apenas alguns dos fornecedores podem, ou os valores s\u00e3o mais elevados que inicialmente, etc. Isto deve-se ao facto de os casais cada vez mais reservarem as suas datas com muita anteced\u00eancia, e por isso, se um casal em abril de 2020 quiser fazer uma reserva para setembro de 2021, h\u00e1 uma forte probabilidade de a quinta ou o fot\u00f3grafo\/vide\u00f3grafo j\u00e1 n\u00e3o ter a data dispon\u00edvel. &quot;,&quot;type&quot;:&quot;unstyled&quot;,&quot;depth&quot;:0,&quot;inlineStyleRanges&quot;:[],&quot;entityRanges&quot;:[],&quot;data&quot;:{}},{&quot;key&quot;:&quot;aoc8s&quot;,&quot;text&quot;:&quot;A maioria das pessoas sonha com um casamento na primavera ou no ver\u00e3o. \u00c9 compreens\u00edvel. \u00c9 bonito, h\u00e1 flores por todos os lados, est\u00e1 bom tempo, as pessoas est\u00e3o morenas e por isso consequentemente mais bonitas, os dias s\u00e3o longos e h\u00e1 aquela vontade natural de dan\u00e7ar at\u00e9 de manh\u00e3 de p\u00e9s descal\u00e7os. As mulheres usam vestidos de manga curta, os homens tiram as camisas e saltam para a piscina. \u00c9 un\u00e2nime, todos gostamos de um bom casamento de ver\u00e3o. Quem n\u00e3o? Mas com este gosto em comum, cria-se aquilo a que os fornecedores chamam \u201c\u00e9poca alta\u201d. De maio a outubro os fornecedores n\u00e3o t\u00eam m\u00e3os a medir com casamentos \u00e0s sextas, s\u00e1bados e domingos, todos os fins de semana, sem parar.&quot;,&quot;type&quot;:&quot;unstyled&quot;,&quot;depth&quot;:0,&quot;inlineStyleRanges&quot;:[],&quot;entityRanges&quot;:[],&quot;data&quot;:{}},{&quot;key&quot;:&quot;5idik&quot;,&quot;text&quot;:&quot;Com a situa\u00e7\u00e3o que enfrentamos, muitas noivas veem-se a ter que optar por um casamento de outono\/inverno. E para todos v\u00f3s que est\u00e3o indecisos sobre se devem ou n\u00e3o fazer o casamento nesta altura do ano, eu deixo-vos aqui 10 argumentos que vos podem ajudar a decidir!&quot;,&quot;type&quot;:&quot;unstyled&quot;,&quot;depth&quot;:0,&quot;inlineStyleRanges&quot;:[],&quot;entityRanges&quot;:[],&quot;data&quot;:{}}],&quot;entityMap&quot;:{}}\">\n<div class=\"jwLWP _2hXa7 _30PMG blog-post-text-font blog-post-text-color public-DraftStyleDefault-block-depth0 public-DraftStyleDefault-text-ltr\" data-block=\"true\" data-editor=\"editor\" data-offset-key=\"foo-0-0\">\n<div class=\"public-DraftStyleDefault-block public-DraftStyleDefault-ltr\" data-offset-key=\"foo-0-0\">\n<h2 data-pm-slice=\"1 1 []\">Why Consider a Winter Wedding?<\/h2>\n<p>Many couples dream of a spring or summer wedding, and for good reason. Warm weather, long sunny days, and outdoor celebrations are undeniably appealing. However, the high demand during these seasons means venues and vendors get booked years in advance, making it harder to secure your ideal team. One thing&#8217;s for certain, the recent pandemic and the postponed weddings changed the trend, and nowadays, couples don&#8217;t want to be engaged for more than a year. But sometimes, they do find themselves struggling to find an available date.<\/p>\n<p>The solution? <strong>A winter wedding.<\/strong> This beautiful season offers unique opportunities for romance, creativity, and savings. Whether you\u2019re considering a cosy indoor celebration or a picturesque snowy backdrop, here are <strong>10 reasons to have a winter wedding in Portugal.<\/strong><\/p>\n<\/div>\n<\/div>\n<\/div>\n<p>&nbsp;<\/p>\n<div id=\"attachment_3990\" style=\"width: 1034px\" class=\"wp-caption aligncenter\"><img fetchpriority=\"high\" decoding=\"async\" aria-describedby=\"caption-attachment-3990\" class=\"size-large wp-image-3990\" src=\"https:\/\/www.ritaplacidophotography.com\/wp-content\/uploads\/2021\/04\/wedding-in-sintra-55-1024x684.jpg\" alt=\"10 Reasons to Have a Winter Wedding in Portugal\" width=\"1024\" height=\"684\" srcset=\"https:\/\/www.ritaplacidophotography.com\/wp-content\/uploads\/2021\/04\/wedding-in-sintra-55-1024x684.jpg 1024w, https:\/\/www.ritaplacidophotography.com\/wp-content\/uploads\/2021\/04\/wedding-in-sintra-55-300x200.jpg 300w, https:\/\/www.ritaplacidophotography.com\/wp-content\/uploads\/2021\/04\/wedding-in-sintra-55-768x513.jpg 768w, https:\/\/www.ritaplacidophotography.com\/wp-content\/uploads\/2021\/04\/wedding-in-sintra-55-1536x1025.jpg 1536w, https:\/\/www.ritaplacidophotography.com\/wp-content\/uploads\/2021\/04\/wedding-in-sintra-55-2048x1367.jpg 2048w, https:\/\/www.ritaplacidophotography.com\/wp-content\/uploads\/2021\/04\/wedding-in-sintra-55-16x12.jpg 16w, https:\/\/www.ritaplacidophotography.com\/wp-content\/uploads\/2021\/04\/wedding-in-sintra-55-470x314.jpg 470w, https:\/\/www.ritaplacidophotography.com\/wp-content\/uploads\/2021\/04\/wedding-in-sintra-55-749x500.jpg 749w\" sizes=\"(max-width: 1024px) 100vw, 1024px\" \/><p id=\"caption-attachment-3990\" class=\"wp-caption-text\">Photo by: Rita Pl\u00e1cido Photography<\/p><\/div>\n<p>&nbsp;<\/p>\n<div data-offset-key=\"bs0he-0-0\">\n<h3 data-pm-slice=\"1 1 []\">1. More Availability from Vendors<\/h3>\n<p>One of the top reasons to have a winter wedding is increased availability from suppliers. Fall and winter are typically the least busy times of the year for weddings. November to April is considered the &#8220;low season.&#8221; With fewer couples getting married, you\u2019re more likely to secure your favourite vendors, and some may even offer lower prices. This can help you save money while booking the professionals you love.<\/p>\n<\/div>\n<div data-offset-key=\"bs0he-0-0\">\n<h3 data-pm-slice=\"1 1 []\">2. Less Planning Time Needed<\/h3>\n<p>Another fantastic reason to have a winter wedding is the reduced need for extensive planning time. With vendors having more open dates, you won\u2019t need to start planning as far in advance as you would for a summer wedding. If you\u2019re busy, not a fan of detailed planning, or simply eager to tie the knot, this is a perfect option. Many couples already contact vendors years in advance for summer weddings, but for a winter date, you can often plan just a few months ahead and still get top choices. According to my research, couples take an average of <b>6 to 12 months<\/b> to plan a wedding. Some busy couples prefer to extend the wedding planning timeline to 18 months to give themselves some extra wiggle room, as well. But if you&#8217;re getting married in the Winter, you might easily manage to plan your wedding in just 6 to 9 months.<\/p>\n<\/div>\n<p>&nbsp;<\/p>\n<div id=\"attachment_11250\" style=\"width: 1034px\" class=\"wp-caption aligncenter\"><img decoding=\"async\" aria-describedby=\"caption-attachment-11250\" class=\"wp-image-11250 size-large\" src=\"https:\/\/www.ritaplacidophotography.com\/wp-content\/uploads\/2020\/04\/andreiajoao-sneakpeek-18-1024x681.jpg\" alt=\"10 Reasons to Have a Winter Wedding in Portugal\" width=\"1024\" height=\"681\" srcset=\"https:\/\/www.ritaplacidophotography.com\/wp-content\/uploads\/2020\/04\/andreiajoao-sneakpeek-18-1024x681.jpg 1024w, https:\/\/www.ritaplacidophotography.com\/wp-content\/uploads\/2020\/04\/andreiajoao-sneakpeek-18-300x200.jpg 300w, https:\/\/www.ritaplacidophotography.com\/wp-content\/uploads\/2020\/04\/andreiajoao-sneakpeek-18-768x511.jpg 768w, https:\/\/www.ritaplacidophotography.com\/wp-content\/uploads\/2020\/04\/andreiajoao-sneakpeek-18-1536x1022.jpg 1536w, https:\/\/www.ritaplacidophotography.com\/wp-content\/uploads\/2020\/04\/andreiajoao-sneakpeek-18-2048x1363.jpg 2048w, https:\/\/www.ritaplacidophotography.com\/wp-content\/uploads\/2020\/04\/andreiajoao-sneakpeek-18-18x12.jpg 18w, https:\/\/www.ritaplacidophotography.com\/wp-content\/uploads\/2020\/04\/andreiajoao-sneakpeek-18-470x313.jpg 470w, https:\/\/www.ritaplacidophotography.com\/wp-content\/uploads\/2020\/04\/andreiajoao-sneakpeek-18-751x500.jpg 751w\" sizes=\"(max-width: 1024px) 100vw, 1024px\" \/><p id=\"caption-attachment-11250\" class=\"wp-caption-text\">Photo by: Rita Pl\u00e1cido Photography<\/p><\/div>\n<p>&nbsp;<\/p>\n<h3 data-pm-slice=\"1 1 []\">3. Winter in Portugal Doesn\u2019t Mean Bad Weather<\/h3>\n<p>Fear of bad weather is a common concern, but in Portugal, winter often brings mild and sunny days. It may not be 30 degrees or have sunsets at 9 p.m., but beautiful weather is still common. My first wedding as a photographer was on December 21st, and it was sunny and warm enough for the bride to wear a sleeveless dress! Even if it rains, you can embrace the charm with a stylish jacket or cape. And remember the Portuguese saying, <em>&#8220;Boda molhada, boda aben\u00e7oada&#8221;<\/em> (A wet wedding is a blessed wedding).<\/p>\n<p>&nbsp;<\/p>\n<h3 data-pm-slice=\"1 1 []\">4. Unique Venue Opportunities<\/h3>\n<p>Winter weddings allow you to focus on the beautiful interiors of venues, often overlooked during summer celebrations. Lisbon offers many charming locations with exquisite tiles, detailed ceilings, and artistic touches. Indoor spaces keep everyone together, creating a cosy, intimate atmosphere. Some venues also offer heated outdoor spaces with awnings and stoves for fresh air breaks. <a href=\"https:\/\/www.ritaplacidophotography.com\/venues-for-a-winter-wedding-in-li...\">If you&#8217;re looking for venues for your Winter Wedding in Portugal, check this post<\/a>.<\/p>\n<p>&nbsp;<\/p>\n<div id=\"attachment_3222\" style=\"width: 1034px\" class=\"wp-caption aligncenter\"><img decoding=\"async\" aria-describedby=\"caption-attachment-3222\" class=\"size-large wp-image-3222\" src=\"https:\/\/www.ritaplacidophotography.com\/wp-content\/uploads\/2021\/01\/IMG_9789-1024x683.jpg\" alt=\"10 Reasons to Have a Winter Wedding in Portugal\" width=\"1024\" height=\"683\" srcset=\"https:\/\/www.ritaplacidophotography.com\/wp-content\/uploads\/2021\/01\/IMG_9789-1024x683.jpg 1024w, https:\/\/www.ritaplacidophotography.com\/wp-content\/uploads\/2021\/01\/IMG_9789-300x200.jpg 300w, https:\/\/www.ritaplacidophotography.com\/wp-content\/uploads\/2021\/01\/IMG_9789-768x512.jpg 768w, https:\/\/www.ritaplacidophotography.com\/wp-content\/uploads\/2021\/01\/IMG_9789-1536x1024.jpg 1536w, https:\/\/www.ritaplacidophotography.com\/wp-content\/uploads\/2021\/01\/IMG_9789-2048x1365.jpg 2048w, https:\/\/www.ritaplacidophotography.com\/wp-content\/uploads\/2021\/01\/IMG_9789-470x313.jpg 470w, https:\/\/www.ritaplacidophotography.com\/wp-content\/uploads\/2021\/01\/IMG_9789-750x500.jpg 750w\" sizes=\"(max-width: 1024px) 100vw, 1024px\" \/><p id=\"caption-attachment-3222\" class=\"wp-caption-text\">Photo by: Rita Pl\u00e1cido Photography<\/p><\/div>\n<p>&nbsp;<\/p>\n<div data-offset-key=\"bs0he-0-0\">\n<div data-draftjs-conductor-fragment=\"{&quot;blocks&quot;:[{&quot;key&quot;:&quot;7pjs9&quot;,&quot;text&quot;:&quot;1. Maior disponibilidade da parte dos fornecedores&quot;,&quot;type&quot;:&quot;unstyled&quot;,&quot;depth&quot;:0,&quot;inlineStyleRanges&quot;:[{&quot;offset&quot;:0,&quot;length&quot;:2,&quot;style&quot;:&quot;BOLD&quot;},{&quot;offset&quot;:3,&quot;length&quot;:47,&quot;style&quot;:&quot;BOLD&quot;}],&quot;entityRanges&quot;:[],&quot;data&quot;:{}},{&quot;key&quot;:&quot;69c9e&quot;,&quot;text&quot;:&quot;O outono e o inverno s\u00e3o sem d\u00favida \u00e9pocas menos desejadas quando se pensa em casar. Por isso, de novembro a abril considera-se a \u00e9poca baixa. Especialmente entre dezembro e mar\u00e7o, h\u00e1 muito poucos casamentos! O que faz com que os fornecedores estejam mais dispon\u00edveis. Alguns at\u00e9 praticam valores mais baixos nesta \u00e9poca e por isso, ao estarem a fazer um casamento de \u00e9poca baixa, est\u00e3o a garantir que t\u00eam o vosso fornecedor preferido enquanto poupam!&quot;,&quot;type&quot;:&quot;unstyled&quot;,&quot;depth&quot;:0,&quot;inlineStyleRanges&quot;:[{&quot;offset&quot;:130,&quot;length&quot;:11,&quot;style&quot;:&quot;BOLD&quot;},{&quot;offset&quot;:251,&quot;length&quot;:16,&quot;style&quot;:&quot;BOLD&quot;}],&quot;entityRanges&quot;:[],&quot;data&quot;:{}},{&quot;key&quot;:&quot;aubk9&quot;,&quot;text&quot;:&quot;&quot;,&quot;type&quot;:&quot;unstyled&quot;,&quot;depth&quot;:0,&quot;inlineStyleRanges&quot;:[],&quot;entityRanges&quot;:[],&quot;data&quot;:{}},{&quot;key&quot;:&quot;dcud0&quot;,&quot;text&quot;:&quot;2. Menos tempo de planeamento&quot;,&quot;type&quot;:&quot;unstyled&quot;,&quot;depth&quot;:0,&quot;inlineStyleRanges&quot;:[{&quot;offset&quot;:0,&quot;length&quot;:2,&quot;style&quot;:&quot;BOLD&quot;},{&quot;offset&quot;:3,&quot;length&quot;:26,&quot;style&quot;:&quot;BOLD&quot;}],&quot;entityRanges&quot;:[],&quot;data&quot;:{}},{&quot;key&quot;:&quot;9ldqj&quot;,&quot;text&quot;:&quot;Ainda relacionado com o t\u00f3pico anterior, quanto mais preenchida for a altura em que queremos casar, maiores s\u00e3o as probabilidades de os nossos fornecedores estarem ocupados, e consequentemente tamb\u00e9m \u00e9 maior a anteced\u00eancia com que devemos contacta-los e reserva-los. Muitos noivos j\u00e1 est\u00e3o a procurar os seus fornecedores para 2022! &quot;,&quot;type&quot;:&quot;unstyled&quot;,&quot;depth&quot;:0,&quot;inlineStyleRanges&quot;:[{&quot;offset&quot;:327,&quot;length&quot;:4,&quot;style&quot;:&quot;BOLD&quot;}],&quot;entityRanges&quot;:[],&quot;data&quot;:{}},{&quot;key&quot;:&quot;39uvk&quot;,&quot;text&quot;:&quot;Ao casar em \u00e9poca baixa, e tendo mais oportunidades de os nossos fornecedores estarem dispon\u00edveis, podemos tamb\u00e9m dar-nos ao luxo de n\u00e3o ter que estar a planear com tanta anteced\u00eancia. Para os noivos mais ocupados, para aqueles que n\u00e3o gostam de planear ou mesmo para aqueles que n\u00e3o querem desperdi\u00e7ar nem mais um dia sem estar casados, esta op\u00e7\u00e3o \u00e9 a ideal! Podem contactar os fornecedores apenas poucos meses antes que a sua disponibilidade provavelmente ser\u00e1 maior.&quot;,&quot;type&quot;:&quot;unstyled&quot;,&quot;depth&quot;:0,&quot;inlineStyleRanges&quot;:[{&quot;offset&quot;:399,&quot;length&quot;:12,&quot;style&quot;:&quot;BOLD&quot;},{&quot;offset&quot;:412,&quot;length&quot;:6,&quot;style&quot;:&quot;BOLD&quot;}],&quot;entityRanges&quot;:[],&quot;data&quot;:{}},{&quot;key&quot;:&quot;d4dpe&quot;,&quot;text&quot;:&quot; &quot;,&quot;type&quot;:&quot;unstyled&quot;,&quot;depth&quot;:0,&quot;inlineStyleRanges&quot;:[],&quot;entityRanges&quot;:[],&quot;data&quot;:{}},{&quot;key&quot;:&quot;3nf4l&quot;,&quot;text&quot;:&quot;3. Outono\/Inverno n\u00e3o significa mau tempo&quot;,&quot;type&quot;:&quot;unstyled&quot;,&quot;depth&quot;:0,&quot;inlineStyleRanges&quot;:[{&quot;offset&quot;:0,&quot;length&quot;:2,&quot;style&quot;:&quot;BOLD&quot;},{&quot;offset&quot;:3,&quot;length&quot;:38,&quot;style&quot;:&quot;BOLD&quot;}],&quot;entityRanges&quot;:[],&quot;data&quot;:{}},{&quot;key&quot;:&quot;a3eh3&quot;,&quot;text&quot;:&quot;Este \u00e9 um dos maiores preconceitos que h\u00e1 com casar no inverno. Mas esta altura do ano n\u00e3o significa necessariamente mau tempo! Claro que em princ\u00edpio n\u00e3o estar\u00e3o 30 graus e o Sol n\u00e3o se ir\u00e1 p\u00f4r \u00e0s 21h mas isso n\u00e3o implica que n\u00e3o esteja Sol nem bom tempo. Na verdade, o primeiro casamento que fotografei na minha vida foi dia 21 de dezembro, estava calor e esteve Sol o dia todo. &quot;,&quot;type&quot;:&quot;unstyled&quot;,&quot;depth&quot;:0,&quot;inlineStyleRanges&quot;:[{&quot;offset&quot;:343,&quot;length&quot;:36,&quot;style&quot;:&quot;BOLD&quot;}],&quot;entityRanges&quot;:[],&quot;data&quot;:{}},{&quot;key&quot;:&quot;9v66i&quot;,&quot;text&quot;:&quot;Al\u00e9m disso, vivemos num pa\u00eds com um clima maravilhoso que mesmo no inverno faz bom tempo! Em dezembro de 2019, as temperaturas em Lisboa rondaram sempre os 18 graus. No geral, as temperaturas durante o inverno n\u00e3o variaram muito.&quot;,&quot;type&quot;:&quot;unstyled&quot;,&quot;depth&quot;:0,&quot;inlineStyleRanges&quot;:[],&quot;entityRanges&quot;:[],&quot;data&quot;:{}},{&quot;key&quot;:&quot;a3q6v&quot;,&quot;text&quot;:&quot;E mesmo que fa\u00e7a frio e mau tempo, podemos sempre levar um casaco para nos manter agasalhados. E quanto \u00e0 chuva, eu sempre ouvi dizer que boda molhada \u00e9 boda aben\u00e7oada!&quot;,&quot;type&quot;:&quot;unstyled&quot;,&quot;depth&quot;:0,&quot;inlineStyleRanges&quot;:[{&quot;offset&quot;:138,&quot;length&quot;:29,&quot;style&quot;:&quot;BOLD&quot;}],&quot;entityRanges&quot;:[],&quot;data&quot;:{}},{&quot;key&quot;:&quot;7evso&quot;,&quot;text&quot;:&quot;&quot;,&quot;type&quot;:&quot;unstyled&quot;,&quot;depth&quot;:0,&quot;inlineStyleRanges&quot;:[],&quot;entityRanges&quot;:[],&quot;data&quot;:{}},{&quot;key&quot;:&quot;9o2oq&quot;,&quot;text&quot;:&quot;4. Os espa\u00e7os e as decora\u00e7\u00f5es&quot;,&quot;type&quot;:&quot;unstyled&quot;,&quot;depth&quot;:0,&quot;inlineStyleRanges&quot;:[{&quot;offset&quot;:0,&quot;length&quot;:2,&quot;style&quot;:&quot;BOLD&quot;},{&quot;offset&quot;:3,&quot;length&quot;:26,&quot;style&quot;:&quot;BOLD&quot;}],&quot;entityRanges&quot;:[],&quot;data&quot;:{}},{&quot;key&quot;:&quot;ahmae&quot;,&quot;text&quot;:&quot;As quintas s\u00e3o lindas e os espa\u00e7os exteriores s\u00e3o sempre fatores que temos em considera\u00e7\u00e3o. Mas na realidade, os pormenores que mais prestamos aten\u00e7\u00e3o quando visitamos uma quinta, s\u00e3o os do interior. Podemos optar por um local com mais pormenores, com mais pinturas, etc.&quot;,&quot;type&quot;:&quot;unstyled&quot;,&quot;depth&quot;:0,&quot;inlineStyleRanges&quot;:[],&quot;entityRanges&quot;:[],&quot;data&quot;:{}},{&quot;key&quot;:&quot;67bds&quot;,&quot;text&quot;:&quot;Por ser tudo em local fechado, h\u00e1 menos espa\u00e7o para os convidados dispersarem. E quem diz que n\u00e3o podem ter um local no exterior? Muitas quintas optam por toldos e salamandras para os noivos e convidados que n\u00e3o dispensam ir apanhar um pouco de ar.&quot;,&quot;type&quot;:&quot;unstyled&quot;,&quot;depth&quot;:0,&quot;inlineStyleRanges&quot;:[{&quot;offset&quot;:34,&quot;length&quot;:43,&quot;style&quot;:&quot;BOLD&quot;}],&quot;entityRanges&quot;:[],&quot;data&quot;:{}},{&quot;key&quot;:&quot;5bmk9&quot;,&quot;text&quot;:&quot;Relativamente \u00e0 decora\u00e7\u00e3o, os casamentos no inverno podem optar por utilizar velas e por decora\u00e7\u00f5es que no exterior correriam o risco de se estragar, ou elementos que n\u00e3o resultariam no ver\u00e3o, nomeadamente musgo e pinhas. Podem tamb\u00e9m optar por folhas secas e troncos. H\u00e1 imensas possibilidades que podem explorar!&quot;,&quot;type&quot;:&quot;unstyled&quot;,&quot;depth&quot;:0,&quot;inlineStyleRanges&quot;:[{&quot;offset&quot;:206,&quot;length&quot;:14,&quot;style&quot;:&quot;BOLD&quot;}],&quot;entityRanges&quot;:[],&quot;data&quot;:{}},{&quot;key&quot;:&quot;7fbds&quot;,&quot;text&quot;:&quot;&quot;,&quot;type&quot;:&quot;unstyled&quot;,&quot;depth&quot;:0,&quot;inlineStyleRanges&quot;:[],&quot;entityRanges&quot;:[],&quot;data&quot;:{}}],&quot;entityMap&quot;:{}}\">\n<div class=\"jwLWP _2hXa7 _30PMG blog-post-text-font blog-post-text-color public-DraftStyleDefault-block-depth0 public-DraftStyleDefault-text-ltr\" data-block=\"true\" data-editor=\"editor\" data-offset-key=\"6c44q-0-0\">\n<div class=\"public-DraftStyleDefault-block public-DraftStyleDefault-ltr\" data-offset-key=\"6c44q-0-0\">\n<h3 data-pm-slice=\"1 1 []\">5. Endless Decorating Possibilities<\/h3>\n<p>Winter offers a unique range of decoration options, making it a compelling reason to have a winter wedding. Imagine tables adorned with candles, pine cones, moss, or dried leaves: elements that might not work in summer. Cosy, rustic themes with warm lighting create a magical ambiance perfect for the season.<\/p>\n<p>&nbsp;<\/p>\n<\/div>\n<h3 data-pm-slice=\"1 1 []\">6. Winter Color Palettes<\/h3>\n<p>The rich, warm colors of winter weddings are stunning. Fall palettes can feature orange, green, and brown, evoking the beauty of changing leaves. Winter palettes may include deep reds, bordeaux, white, and icy blues, creating a dreamy, snow-kissed atmosphere. Even an all-white theme can transform your wedding into a winter wonderland. Or if you prefer to stay trendy, how beautiful would be a Winter Wedding with <span data-offset-key=\"8bvdl-0-0\">the <strong><a href=\"https:\/\/www.pantone.com\/color-of-the-year\/2025?srsltid=AfmBOoo-3UPCkurOYNAvggN_RESEpOcHEPcV_0yTG1S1nWoflLCy9tdl\" target=\"_blank\" rel=\"noopener\">2025 Pantone Colour of the Year, Mocca?<\/a><\/strong><\/span><\/p>\n<p>&nbsp;<\/p>\n<\/div>\n<h3 data-pm-slice=\"1 1 []\">7. Guests Will Anticipate Your Wedding<\/h3>\n<p>Another reason to have a winter wedding is that guests will be excited about it. During summer, weekends fill up with multiple weddings, vacations, all sort of exciting stuff, leaving little room for novelty. A winter wedding provides a refreshing social event after the holiday season, when guests are more relaxed and available (You won&#8217;t have anyone RSVP&#8217;ing No because they already booked a one week vacation in Algarve or Ibiza). Plus, chilly weather means guests may enjoy warming up with a few extra drinks &#8211; always a great way to fuel the party!<\/p>\n<\/div>\n<\/div>\n<p>&nbsp;<\/p>\n<div data-offset-key=\"bs0he-0-0\">\n<div data-draftjs-conductor-fragment=\"{&quot;blocks&quot;:[{&quot;key&quot;:&quot;7pjs9&quot;,&quot;text&quot;:&quot;1. Maior disponibilidade da parte dos fornecedores&quot;,&quot;type&quot;:&quot;unstyled&quot;,&quot;depth&quot;:0,&quot;inlineStyleRanges&quot;:[{&quot;offset&quot;:0,&quot;length&quot;:2,&quot;style&quot;:&quot;BOLD&quot;},{&quot;offset&quot;:3,&quot;length&quot;:47,&quot;style&quot;:&quot;BOLD&quot;}],&quot;entityRanges&quot;:[],&quot;data&quot;:{}},{&quot;key&quot;:&quot;69c9e&quot;,&quot;text&quot;:&quot;O outono e o inverno s\u00e3o sem d\u00favida \u00e9pocas menos desejadas quando se pensa em casar. Por isso, de novembro a abril considera-se a \u00e9poca baixa. Especialmente entre dezembro e mar\u00e7o, h\u00e1 muito poucos casamentos! O que faz com que os fornecedores estejam mais dispon\u00edveis. Alguns at\u00e9 praticam valores mais baixos nesta \u00e9poca e por isso, ao estarem a fazer um casamento de \u00e9poca baixa, est\u00e3o a garantir que t\u00eam o vosso fornecedor preferido enquanto poupam!&quot;,&quot;type&quot;:&quot;unstyled&quot;,&quot;depth&quot;:0,&quot;inlineStyleRanges&quot;:[{&quot;offset&quot;:130,&quot;length&quot;:11,&quot;style&quot;:&quot;BOLD&quot;},{&quot;offset&quot;:251,&quot;length&quot;:16,&quot;style&quot;:&quot;BOLD&quot;}],&quot;entityRanges&quot;:[],&quot;data&quot;:{}},{&quot;key&quot;:&quot;aubk9&quot;,&quot;text&quot;:&quot;&quot;,&quot;type&quot;:&quot;unstyled&quot;,&quot;depth&quot;:0,&quot;inlineStyleRanges&quot;:[],&quot;entityRanges&quot;:[],&quot;data&quot;:{}},{&quot;key&quot;:&quot;dcud0&quot;,&quot;text&quot;:&quot;2. Menos tempo de planeamento&quot;,&quot;type&quot;:&quot;unstyled&quot;,&quot;depth&quot;:0,&quot;inlineStyleRanges&quot;:[{&quot;offset&quot;:0,&quot;length&quot;:2,&quot;style&quot;:&quot;BOLD&quot;},{&quot;offset&quot;:3,&quot;length&quot;:26,&quot;style&quot;:&quot;BOLD&quot;}],&quot;entityRanges&quot;:[],&quot;data&quot;:{}},{&quot;key&quot;:&quot;9ldqj&quot;,&quot;text&quot;:&quot;Ainda relacionado com o t\u00f3pico anterior, quanto mais preenchida for a altura em que queremos casar, maiores s\u00e3o as probabilidades de os nossos fornecedores estarem ocupados, e consequentemente tamb\u00e9m \u00e9 maior a anteced\u00eancia com que devemos contacta-los e reserva-los. Muitos noivos j\u00e1 est\u00e3o a procurar os seus fornecedores para 2022! &quot;,&quot;type&quot;:&quot;unstyled&quot;,&quot;depth&quot;:0,&quot;inlineStyleRanges&quot;:[{&quot;offset&quot;:327,&quot;length&quot;:4,&quot;style&quot;:&quot;BOLD&quot;}],&quot;entityRanges&quot;:[],&quot;data&quot;:{}},{&quot;key&quot;:&quot;39uvk&quot;,&quot;text&quot;:&quot;Ao casar em \u00e9poca baixa, e tendo mais oportunidades de os nossos fornecedores estarem dispon\u00edveis, podemos tamb\u00e9m dar-nos ao luxo de n\u00e3o ter que estar a planear com tanta anteced\u00eancia. Para os noivos mais ocupados, para aqueles que n\u00e3o gostam de planear ou mesmo para aqueles que n\u00e3o querem desperdi\u00e7ar nem mais um dia sem estar casados, esta op\u00e7\u00e3o \u00e9 a ideal! Podem contactar os fornecedores apenas poucos meses antes que a sua disponibilidade provavelmente ser\u00e1 maior.&quot;,&quot;type&quot;:&quot;unstyled&quot;,&quot;depth&quot;:0,&quot;inlineStyleRanges&quot;:[{&quot;offset&quot;:399,&quot;length&quot;:12,&quot;style&quot;:&quot;BOLD&quot;},{&quot;offset&quot;:412,&quot;length&quot;:6,&quot;style&quot;:&quot;BOLD&quot;}],&quot;entityRanges&quot;:[],&quot;data&quot;:{}},{&quot;key&quot;:&quot;d4dpe&quot;,&quot;text&quot;:&quot; &quot;,&quot;type&quot;:&quot;unstyled&quot;,&quot;depth&quot;:0,&quot;inlineStyleRanges&quot;:[],&quot;entityRanges&quot;:[],&quot;data&quot;:{}},{&quot;key&quot;:&quot;3nf4l&quot;,&quot;text&quot;:&quot;3. Outono\/Inverno n\u00e3o significa mau tempo&quot;,&quot;type&quot;:&quot;unstyled&quot;,&quot;depth&quot;:0,&quot;inlineStyleRanges&quot;:[{&quot;offset&quot;:0,&quot;length&quot;:2,&quot;style&quot;:&quot;BOLD&quot;},{&quot;offset&quot;:3,&quot;length&quot;:38,&quot;style&quot;:&quot;BOLD&quot;}],&quot;entityRanges&quot;:[],&quot;data&quot;:{}},{&quot;key&quot;:&quot;a3eh3&quot;,&quot;text&quot;:&quot;Este \u00e9 um dos maiores preconceitos que h\u00e1 com casar no inverno. Mas esta altura do ano n\u00e3o significa necessariamente mau tempo! Claro que em princ\u00edpio n\u00e3o estar\u00e3o 30 graus e o Sol n\u00e3o se ir\u00e1 p\u00f4r \u00e0s 21h mas isso n\u00e3o implica que n\u00e3o esteja Sol nem bom tempo. Na verdade, o primeiro casamento que fotografei na minha vida foi dia 21 de dezembro, estava calor e esteve Sol o dia todo. &quot;,&quot;type&quot;:&quot;unstyled&quot;,&quot;depth&quot;:0,&quot;inlineStyleRanges&quot;:[{&quot;offset&quot;:343,&quot;length&quot;:36,&quot;style&quot;:&quot;BOLD&quot;}],&quot;entityRanges&quot;:[],&quot;data&quot;:{}},{&quot;key&quot;:&quot;9v66i&quot;,&quot;text&quot;:&quot;Al\u00e9m disso, vivemos num pa\u00eds com um clima maravilhoso que mesmo no inverno faz bom tempo! Em dezembro de 2019, as temperaturas em Lisboa rondaram sempre os 18 graus. No geral, as temperaturas durante o inverno n\u00e3o variaram muito.&quot;,&quot;type&quot;:&quot;unstyled&quot;,&quot;depth&quot;:0,&quot;inlineStyleRanges&quot;:[],&quot;entityRanges&quot;:[],&quot;data&quot;:{}},{&quot;key&quot;:&quot;a3q6v&quot;,&quot;text&quot;:&quot;E mesmo que fa\u00e7a frio e mau tempo, podemos sempre levar um casaco para nos manter agasalhados. E quanto \u00e0 chuva, eu sempre ouvi dizer que boda molhada \u00e9 boda aben\u00e7oada!&quot;,&quot;type&quot;:&quot;unstyled&quot;,&quot;depth&quot;:0,&quot;inlineStyleRanges&quot;:[{&quot;offset&quot;:138,&quot;length&quot;:29,&quot;style&quot;:&quot;BOLD&quot;}],&quot;entityRanges&quot;:[],&quot;data&quot;:{}},{&quot;key&quot;:&quot;7evso&quot;,&quot;text&quot;:&quot;&quot;,&quot;type&quot;:&quot;unstyled&quot;,&quot;depth&quot;:0,&quot;inlineStyleRanges&quot;:[],&quot;entityRanges&quot;:[],&quot;data&quot;:{}},{&quot;key&quot;:&quot;9o2oq&quot;,&quot;text&quot;:&quot;4. Os espa\u00e7os e as decora\u00e7\u00f5es&quot;,&quot;type&quot;:&quot;unstyled&quot;,&quot;depth&quot;:0,&quot;inlineStyleRanges&quot;:[{&quot;offset&quot;:0,&quot;length&quot;:2,&quot;style&quot;:&quot;BOLD&quot;},{&quot;offset&quot;:3,&quot;length&quot;:26,&quot;style&quot;:&quot;BOLD&quot;}],&quot;entityRanges&quot;:[],&quot;data&quot;:{}},{&quot;key&quot;:&quot;ahmae&quot;,&quot;text&quot;:&quot;As quintas s\u00e3o lindas e os espa\u00e7os exteriores s\u00e3o sempre fatores que temos em considera\u00e7\u00e3o. Mas na realidade, os pormenores que mais prestamos aten\u00e7\u00e3o quando visitamos uma quinta, s\u00e3o os do interior. Podemos optar por um local com mais pormenores, com mais pinturas, etc.&quot;,&quot;type&quot;:&quot;unstyled&quot;,&quot;depth&quot;:0,&quot;inlineStyleRanges&quot;:[],&quot;entityRanges&quot;:[],&quot;data&quot;:{}},{&quot;key&quot;:&quot;67bds&quot;,&quot;text&quot;:&quot;Por ser tudo em local fechado, h\u00e1 menos espa\u00e7o para os convidados dispersarem. E quem diz que n\u00e3o podem ter um local no exterior? Muitas quintas optam por toldos e salamandras para os noivos e convidados que n\u00e3o dispensam ir apanhar um pouco de ar.&quot;,&quot;type&quot;:&quot;unstyled&quot;,&quot;depth&quot;:0,&quot;inlineStyleRanges&quot;:[{&quot;offset&quot;:34,&quot;length&quot;:43,&quot;style&quot;:&quot;BOLD&quot;}],&quot;entityRanges&quot;:[],&quot;data&quot;:{}},{&quot;key&quot;:&quot;5bmk9&quot;,&quot;text&quot;:&quot;Relativamente \u00e0 decora\u00e7\u00e3o, os casamentos no inverno podem optar por utilizar velas e por decora\u00e7\u00f5es que no exterior correriam o risco de se estragar, ou elementos que n\u00e3o resultariam no ver\u00e3o, nomeadamente musgo e pinhas. Podem tamb\u00e9m optar por folhas secas e troncos. H\u00e1 imensas possibilidades que podem explorar!&quot;,&quot;type&quot;:&quot;unstyled&quot;,&quot;depth&quot;:0,&quot;inlineStyleRanges&quot;:[{&quot;offset&quot;:206,&quot;length&quot;:14,&quot;style&quot;:&quot;BOLD&quot;}],&quot;entityRanges&quot;:[],&quot;data&quot;:{}},{&quot;key&quot;:&quot;7fbds&quot;,&quot;text&quot;:&quot;&quot;,&quot;type&quot;:&quot;unstyled&quot;,&quot;depth&quot;:0,&quot;inlineStyleRanges&quot;:[],&quot;entityRanges&quot;:[],&quot;data&quot;:{}}],&quot;entityMap&quot;:{}}\">\n<div id=\"attachment_11255\" style=\"width: 1034px\" class=\"wp-caption aligncenter\"><img loading=\"lazy\" decoding=\"async\" aria-describedby=\"caption-attachment-11255\" class=\"size-large wp-image-11255\" src=\"https:\/\/www.ritaplacidophotography.com\/wp-content\/uploads\/2020\/04\/Cartao-postal-fotografia-paisagem-simples-branco-1024x726.jpg\" alt=\"10 Reasons to Have a Winter Wedding in Portugal\" width=\"1024\" height=\"726\" srcset=\"https:\/\/www.ritaplacidophotography.com\/wp-content\/uploads\/2020\/04\/Cartao-postal-fotografia-paisagem-simples-branco-1024x726.jpg 1024w, https:\/\/www.ritaplacidophotography.com\/wp-content\/uploads\/2020\/04\/Cartao-postal-fotografia-paisagem-simples-branco-300x213.jpg 300w, https:\/\/www.ritaplacidophotography.com\/wp-content\/uploads\/2020\/04\/Cartao-postal-fotografia-paisagem-simples-branco-768x545.jpg 768w, https:\/\/www.ritaplacidophotography.com\/wp-content\/uploads\/2020\/04\/Cartao-postal-fotografia-paisagem-simples-branco-1536x1090.jpg 1536w, https:\/\/www.ritaplacidophotography.com\/wp-content\/uploads\/2020\/04\/Cartao-postal-fotografia-paisagem-simples-branco-18x12.jpg 18w, https:\/\/www.ritaplacidophotography.com\/wp-content\/uploads\/2020\/04\/Cartao-postal-fotografia-paisagem-simples-branco-470x333.jpg 470w, https:\/\/www.ritaplacidophotography.com\/wp-content\/uploads\/2020\/04\/Cartao-postal-fotografia-paisagem-simples-branco-705x500.jpg 705w, https:\/\/www.ritaplacidophotography.com\/wp-content\/uploads\/2020\/04\/Cartao-postal-fotografia-paisagem-simples-branco.jpg 1748w\" sizes=\"(max-width: 1024px) 100vw, 1024px\" \/><p id=\"caption-attachment-11255\" class=\"wp-caption-text\">Photo by: Rita Pl\u00e1cido Photography<\/p><\/div>\n<\/div>\n<\/div>\n<p>&nbsp;<\/p>\n<div data-offset-key=\"flbni-0-0\">\n<div data-draftjs-conductor-fragment=\"{&quot;blocks&quot;:[{&quot;key&quot;:&quot;c2b1m&quot;,&quot;text&quot;:&quot;5. As cores&quot;,&quot;type&quot;:&quot;unstyled&quot;,&quot;depth&quot;:0,&quot;inlineStyleRanges&quot;:[{&quot;offset&quot;:0,&quot;length&quot;:2,&quot;style&quot;:&quot;BOLD&quot;},{&quot;offset&quot;:3,&quot;length&quot;:8,&quot;style&quot;:&quot;BOLD&quot;}],&quot;entityRanges&quot;:[],&quot;data&quot;:{}},{&quot;key&quot;:&quot;5rc0q&quot;,&quot;text&quot;:&quot;Tamb\u00e9m ligado \u00e0 decora\u00e7\u00e3o: As cores de outono e de inverno s\u00e3o lindas!&quot;,&quot;type&quot;:&quot;unstyled&quot;,&quot;depth&quot;:0,&quot;inlineStyleRanges&quot;:[],&quot;entityRanges&quot;:[],&quot;data&quot;:{}},{&quot;key&quot;:&quot;dt62q&quot;,&quot;text&quot;:&quot;Um casamento no outono pode incluir cores como gren\u00e1, laranja, verde, castanho. Cores que nos fa\u00e7am lembrar das \u00e1rvores e das folhas secas. Estas cores far\u00e3o sem d\u00favidas os noivos sobressa\u00edrem-se e criam um ambiente muito acolhedor. Podem tamb\u00e9m optar por combinar as cores com uma decora\u00e7\u00e3o r\u00fastica e o resultado final ser\u00e1 lindo!&quot;,&quot;type&quot;:&quot;unstyled&quot;,&quot;depth&quot;:0,&quot;inlineStyleRanges&quot;:[{&quot;offset&quot;:170,&quot;length&quot;:25,&quot;style&quot;:&quot;BOLD&quot;}],&quot;entityRanges&quot;:[],&quot;data&quot;:{}},{&quot;key&quot;:&quot;fb5mo&quot;,&quot;text&quot;:&quot;Um casamento no inverno pode incluir, al\u00e9m dos tons de outono, cores como rosas e vermelhos escuros, bordeaux, azul clarinho e branco. Muitas vezes n\u00e3o pensamos no branco por estar t\u00e3o conotado \u00e0 cor que pertence exclusivamente \u00e0 noiva, mas j\u00e1 imaginaram casar com uma decora\u00e7\u00e3o completamente branca? Como se estivessem na neve. Haver\u00e1 algum cen\u00e1rio mais m\u00e1gico que este?&quot;,&quot;type&quot;:&quot;unstyled&quot;,&quot;depth&quot;:0,&quot;inlineStyleRanges&quot;:[{&quot;offset&quot;:355,&quot;length&quot;:6,&quot;style&quot;:&quot;BOLD&quot;}],&quot;entityRanges&quot;:[],&quot;data&quot;:{}},{&quot;key&quot;:&quot;eob8p&quot;,&quot;text&quot;:&quot;&quot;,&quot;type&quot;:&quot;unstyled&quot;,&quot;depth&quot;:0,&quot;inlineStyleRanges&quot;:[],&quot;entityRanges&quot;:[],&quot;data&quot;:{}},{&quot;key&quot;:&quot;1hcso&quot;,&quot;text&quot;:&quot;6. Os convidados est\u00e3o mais entusiasmados&quot;,&quot;type&quot;:&quot;unstyled&quot;,&quot;depth&quot;:0,&quot;inlineStyleRanges&quot;:[{&quot;offset&quot;:0,&quot;length&quot;:2,&quot;style&quot;:&quot;BOLD&quot;},{&quot;offset&quot;:3,&quot;length&quot;:38,&quot;style&quot;:&quot;BOLD&quot;}],&quot;entityRanges&quot;:[],&quot;data&quot;:{}},{&quot;key&quot;:&quot;dn1r2&quot;,&quot;text&quot;:&quot;Gostamos todos de ir a casamentos, seja no inverno ou no ver\u00e3o. Mas algumas pessoas em certas fases da vida, d\u00e3o por si a terem casamentos todos os fins de semana. O que faz com que muitos convidados se sintam desgastados e acabem por n\u00e3o dar a devida aten\u00e7\u00e3o ao nosso dia. &quot;,&quot;type&quot;:&quot;unstyled&quot;,&quot;depth&quot;:0,&quot;inlineStyleRanges&quot;:[],&quot;entityRanges&quot;:[],&quot;data&quot;:{}},{&quot;key&quot;:&quot;27i7&quot;,&quot;text&quot;:&quot;Al\u00e9m disso, no inverno h\u00e1 menos eventos que requerem a nossa presen\u00e7a, por norma j\u00e1 tir\u00e1mos as f\u00e9rias no ver\u00e3o, e h\u00e1 ali uns meses que s\u00e3o simplesmente \\&quot;parados\\&quot;. O facto de ser no inverno faz com que os convidados tenham algo por que possam estar ansiosos, um evento social no seu calend\u00e1rio. E para terminar, o facto de n\u00e3o ser \u00e9poca de f\u00e9rias, faz com quem a maioria dos convidados possa estar presente no casamento.&quot;,&quot;type&quot;:&quot;unstyled&quot;,&quot;depth&quot;:0,&quot;inlineStyleRanges&quot;:[{&quot;offset&quot;:248,&quot;length&quot;:8,&quot;style&quot;:&quot;BOLD&quot;},{&quot;offset&quot;:391,&quot;length&quot;:14,&quot;style&quot;:&quot;BOLD&quot;}],&quot;entityRanges&quot;:[],&quot;data&quot;:{}},{&quot;key&quot;:&quot;ctgr0&quot;,&quot;text&quot;:&quot;O \u00faltimo motivo \u00e9 que os convidados bebem mais para se manter quentes. E todos sabemos que convidados e bebida \u00e9 uma mistura que d\u00e1 sempre numa festa de arromba!&quot;,&quot;type&quot;:&quot;unstyled&quot;,&quot;depth&quot;:0,&quot;inlineStyleRanges&quot;:[],&quot;entityRanges&quot;:[],&quot;data&quot;:{}},{&quot;key&quot;:&quot;atug4&quot;,&quot;text&quot;:&quot;&quot;,&quot;type&quot;:&quot;unstyled&quot;,&quot;depth&quot;:0,&quot;inlineStyleRanges&quot;:[],&quot;entityRanges&quot;:[],&quot;data&quot;:{}},{&quot;key&quot;:&quot;fjqof&quot;,&quot;text&quot;:&quot;7. A comida e o conforto&quot;,&quot;type&quot;:&quot;unstyled&quot;,&quot;depth&quot;:0,&quot;inlineStyleRanges&quot;:[{&quot;offset&quot;:0,&quot;length&quot;:2,&quot;style&quot;:&quot;BOLD&quot;},{&quot;offset&quot;:3,&quot;length&quot;:21,&quot;style&quot;:&quot;BOLD&quot;}],&quot;entityRanges&quot;:[],&quot;data&quot;:{}},{&quot;key&quot;:&quot;ciiif&quot;,&quot;text&quot;:&quot;Parece estranho, n\u00e3o \u00e9? Mas muitas vezes, nos casamentos de ver\u00e3o, acaba por haver muito desperd\u00edcio alimentar. As pessoas t\u00eam calor e por isso acabam por ter pouca vontade de comer. Ou seja, os noivos est\u00e3o a pagar por um servi\u00e7o que acaba por n\u00e3o ser usufru\u00eddo pelos convidados. Mas no inverno temos sempre mais fome, sabe-nos bem aquela sopa quentinha, e apreciamos todos os doces que tivermos \u00e0 nossa disposi\u00e7\u00e3o. Por algum motivo se chama \\&quot;comida de conforto\\&quot;, n\u00e3o \u00e9? E quando est\u00e1 frio, s\u00f3 queremos estar confort\u00e1veis. J\u00e1 imaginaram estar no vosso cocktail, com mantas pelas costas a beber um creme de legumes de caneca? Para ser melhor s\u00f3 falta a lareira.&quot;,&quot;type&quot;:&quot;unstyled&quot;,&quot;depth&quot;:0,&quot;inlineStyleRanges&quot;:[],&quot;entityRanges&quot;:[],&quot;data&quot;:{}}],&quot;entityMap&quot;:{}}\">\n<div class=\"jwLWP _2hXa7 _30PMG blog-post-text-font blog-post-text-color public-DraftStyleDefault-block-depth0 public-DraftStyleDefault-text-ltr\" data-block=\"true\" data-editor=\"editor\" data-offset-key=\"8vpnc-0-0\">\n<div class=\"public-DraftStyleDefault-block public-DraftStyleDefault-ltr\" data-offset-key=\"8vpnc-0-0\">\n<h3 data-pm-slice=\"1 1 []\">8. Comfort Food<\/h3>\n<p>Winter weddings are perfect for serving hearty, comforting meals that guests will appreciate. Unlike summer weddings where heat can diminish appetites, winter celebrations call for soups, rich main courses, and decadent desserts. Picture a cosy cocktail hour with warm drinks and guests wrapped in blankets! Pure comfort.<\/p>\n<p>&nbsp;<\/p>\n<\/div>\n<\/div>\n<\/div>\n<div data-draftjs-conductor-fragment=\"{&quot;blocks&quot;:[{&quot;key&quot;:&quot;c2b1m&quot;,&quot;text&quot;:&quot;5. As cores&quot;,&quot;type&quot;:&quot;unstyled&quot;,&quot;depth&quot;:0,&quot;inlineStyleRanges&quot;:[{&quot;offset&quot;:0,&quot;length&quot;:2,&quot;style&quot;:&quot;BOLD&quot;},{&quot;offset&quot;:3,&quot;length&quot;:8,&quot;style&quot;:&quot;BOLD&quot;}],&quot;entityRanges&quot;:[],&quot;data&quot;:{}},{&quot;key&quot;:&quot;5rc0q&quot;,&quot;text&quot;:&quot;Tamb\u00e9m ligado \u00e0 decora\u00e7\u00e3o: As cores de outono e de inverno s\u00e3o lindas!&quot;,&quot;type&quot;:&quot;unstyled&quot;,&quot;depth&quot;:0,&quot;inlineStyleRanges&quot;:[],&quot;entityRanges&quot;:[],&quot;data&quot;:{}},{&quot;key&quot;:&quot;dt62q&quot;,&quot;text&quot;:&quot;Um casamento no outono pode incluir cores como gren\u00e1, laranja, verde, castanho. Cores que nos fa\u00e7am lembrar das \u00e1rvores e das folhas secas. Estas cores far\u00e3o sem d\u00favidas os noivos sobressa\u00edrem-se e criam um ambiente muito acolhedor. Podem tamb\u00e9m optar por combinar as cores com uma decora\u00e7\u00e3o r\u00fastica e o resultado final ser\u00e1 lindo!&quot;,&quot;type&quot;:&quot;unstyled&quot;,&quot;depth&quot;:0,&quot;inlineStyleRanges&quot;:[{&quot;offset&quot;:170,&quot;length&quot;:25,&quot;style&quot;:&quot;BOLD&quot;}],&quot;entityRanges&quot;:[],&quot;data&quot;:{}},{&quot;key&quot;:&quot;fb5mo&quot;,&quot;text&quot;:&quot;Um casamento no inverno pode incluir, al\u00e9m dos tons de outono, cores como rosas e vermelhos escuros, bordeaux, azul clarinho e branco. Muitas vezes n\u00e3o pensamos no branco por estar t\u00e3o conotado \u00e0 cor que pertence exclusivamente \u00e0 noiva, mas j\u00e1 imaginaram casar com uma decora\u00e7\u00e3o completamente branca? Como se estivessem na neve. Haver\u00e1 algum cen\u00e1rio mais m\u00e1gico que este?&quot;,&quot;type&quot;:&quot;unstyled&quot;,&quot;depth&quot;:0,&quot;inlineStyleRanges&quot;:[{&quot;offset&quot;:355,&quot;length&quot;:6,&quot;style&quot;:&quot;BOLD&quot;}],&quot;entityRanges&quot;:[],&quot;data&quot;:{}},{&quot;key&quot;:&quot;eob8p&quot;,&quot;text&quot;:&quot;&quot;,&quot;type&quot;:&quot;unstyled&quot;,&quot;depth&quot;:0,&quot;inlineStyleRanges&quot;:[],&quot;entityRanges&quot;:[],&quot;data&quot;:{}},{&quot;key&quot;:&quot;1hcso&quot;,&quot;text&quot;:&quot;6. Os convidados est\u00e3o mais entusiasmados&quot;,&quot;type&quot;:&quot;unstyled&quot;,&quot;depth&quot;:0,&quot;inlineStyleRanges&quot;:[{&quot;offset&quot;:0,&quot;length&quot;:2,&quot;style&quot;:&quot;BOLD&quot;},{&quot;offset&quot;:3,&quot;length&quot;:38,&quot;style&quot;:&quot;BOLD&quot;}],&quot;entityRanges&quot;:[],&quot;data&quot;:{}},{&quot;key&quot;:&quot;dn1r2&quot;,&quot;text&quot;:&quot;Gostamos todos de ir a casamentos, seja no inverno ou no ver\u00e3o. Mas algumas pessoas em certas fases da vida, d\u00e3o por si a terem casamentos todos os fins de semana. O que faz com que muitos convidados se sintam desgastados e acabem por n\u00e3o dar a devida aten\u00e7\u00e3o ao nosso dia. &quot;,&quot;type&quot;:&quot;unstyled&quot;,&quot;depth&quot;:0,&quot;inlineStyleRanges&quot;:[],&quot;entityRanges&quot;:[],&quot;data&quot;:{}},{&quot;key&quot;:&quot;27i7&quot;,&quot;text&quot;:&quot;Al\u00e9m disso, no inverno h\u00e1 menos eventos que requerem a nossa presen\u00e7a, por norma j\u00e1 tir\u00e1mos as f\u00e9rias no ver\u00e3o, e h\u00e1 ali uns meses que s\u00e3o simplesmente \\&quot;parados\\&quot;. O facto de ser no inverno faz com que os convidados tenham algo por que possam estar ansiosos, um evento social no seu calend\u00e1rio. E para terminar, o facto de n\u00e3o ser \u00e9poca de f\u00e9rias, faz com quem a maioria dos convidados possa estar presente no casamento.&quot;,&quot;type&quot;:&quot;unstyled&quot;,&quot;depth&quot;:0,&quot;inlineStyleRanges&quot;:[{&quot;offset&quot;:248,&quot;length&quot;:8,&quot;style&quot;:&quot;BOLD&quot;},{&quot;offset&quot;:391,&quot;length&quot;:14,&quot;style&quot;:&quot;BOLD&quot;}],&quot;entityRanges&quot;:[],&quot;data&quot;:{}},{&quot;key&quot;:&quot;ctgr0&quot;,&quot;text&quot;:&quot;O \u00faltimo motivo \u00e9 que os convidados bebem mais para se manter quentes. E todos sabemos que convidados e bebida \u00e9 uma mistura que d\u00e1 sempre numa festa de arromba!&quot;,&quot;type&quot;:&quot;unstyled&quot;,&quot;depth&quot;:0,&quot;inlineStyleRanges&quot;:[],&quot;entityRanges&quot;:[],&quot;data&quot;:{}},{&quot;key&quot;:&quot;atug4&quot;,&quot;text&quot;:&quot;&quot;,&quot;type&quot;:&quot;unstyled&quot;,&quot;depth&quot;:0,&quot;inlineStyleRanges&quot;:[],&quot;entityRanges&quot;:[],&quot;data&quot;:{}},{&quot;key&quot;:&quot;fjqof&quot;,&quot;text&quot;:&quot;7. A comida e o conforto&quot;,&quot;type&quot;:&quot;unstyled&quot;,&quot;depth&quot;:0,&quot;inlineStyleRanges&quot;:[{&quot;offset&quot;:0,&quot;length&quot;:2,&quot;style&quot;:&quot;BOLD&quot;},{&quot;offset&quot;:3,&quot;length&quot;:21,&quot;style&quot;:&quot;BOLD&quot;}],&quot;entityRanges&quot;:[],&quot;data&quot;:{}},{&quot;key&quot;:&quot;ciiif&quot;,&quot;text&quot;:&quot;Parece estranho, n\u00e3o \u00e9? Mas muitas vezes, nos casamentos de ver\u00e3o, acaba por haver muito desperd\u00edcio alimentar. As pessoas t\u00eam calor e por isso acabam por ter pouca vontade de comer. Ou seja, os noivos est\u00e3o a pagar por um servi\u00e7o que acaba por n\u00e3o ser usufru\u00eddo pelos convidados. Mas no inverno temos sempre mais fome, sabe-nos bem aquela sopa quentinha, e apreciamos todos os doces que tivermos \u00e0 nossa disposi\u00e7\u00e3o. Por algum motivo se chama \\&quot;comida de conforto\\&quot;, n\u00e3o \u00e9? E quando est\u00e1 frio, s\u00f3 queremos estar confort\u00e1veis. J\u00e1 imaginaram estar no vosso cocktail, com mantas pelas costas a beber um creme de legumes de caneca? Para ser melhor s\u00f3 falta a lareira.&quot;,&quot;type&quot;:&quot;unstyled&quot;,&quot;depth&quot;:0,&quot;inlineStyleRanges&quot;:[],&quot;entityRanges&quot;:[],&quot;data&quot;:{}}],&quot;entityMap&quot;:{}}\">\n<div class=\"jwLWP _2hXa7 _30PMG blog-post-text-font blog-post-text-color public-DraftStyleDefault-block-depth0 public-DraftStyleDefault-text-ltr\" data-block=\"true\" data-editor=\"editor\" data-offset-key=\"fus8h-0-0\">\n<div class=\"public-DraftStyleDefault-block public-DraftStyleDefault-ltr\" data-offset-key=\"fus8h-0-0\">\n<h3 data-pm-slice=\"1 1 []\">9. Unique Souvenirs<\/h3>\n<p>With potential savings in other areas, you can invest in memorable winter wedding favours. Consider practical and charming gifts like scarves, blankets, or festive ornaments if your wedding is near the holidays. These thoughtful touches will keep your guests warm and remind them of your special day.<\/p>\n<\/div>\n<\/div>\n<div class=\"jwLWP _2hXa7 _30PMG blog-post-text-font blog-post-text-color public-DraftStyleDefault-block-depth0 public-DraftStyleDefault-text-ltr\" data-block=\"true\" data-editor=\"editor\" data-offset-key=\"fus8h-0-0\">\n<div data-offset-key=\"fus8h-0-0\">\n<h3 data-pm-slice=\"1 1 []\">10. Romantic Atmosphere<\/h3>\n<p>Winter weddings are inherently romantic. As the year winds down, people are often more nostalgic and reflective, making your celebration even more heartfelt.<\/p>\n<p>And if you&#8217;re really onto the winter magical vibe, who wouldn\u2019t love a snowy wedding at Serra da Estrela? Imagine exchanging vows in a landscape of glistening white snow, with towering mountain peaks as your backdrop. Picture cosy wooden chalets adorned with twinkling lights and roaring fireplaces where your guests can gather. You could host an intimate ceremony outside, bundled in luxurious wraps, followed by a warm reception featuring hot chocolate stations, some red wine, and hearty Portuguese cuisine. Why not make it a weekend-long celebration, inviting friends and family to enjoy snowball fights and nights filled with laughter in this serene, magical setting? The breathtaking views, romantic winter ambiance, and unique experience will make your Serra da Estrela wedding an unforgettable adventure. Imagine cuddling under blankets, soft winter light, and perhaps even snow!<\/p>\n<p>&nbsp;<\/p>\n<\/div>\n<\/div>\n<div id=\"attachment_11260\" style=\"width: 1034px\" class=\"wp-caption aligncenter\"><img loading=\"lazy\" decoding=\"async\" aria-describedby=\"caption-attachment-11260\" class=\"size-large wp-image-11260\" src=\"https:\/\/www.ritaplacidophotography.com\/wp-content\/uploads\/2020\/04\/larissathales-197-1024x684.jpg\" alt=\"10 Reasons to Have a Winter Wedding in Portugal\" width=\"1024\" height=\"684\" srcset=\"https:\/\/www.ritaplacidophotography.com\/wp-content\/uploads\/2020\/04\/larissathales-197-1024x684.jpg 1024w, https:\/\/www.ritaplacidophotography.com\/wp-content\/uploads\/2020\/04\/larissathales-197-300x200.jpg 300w, https:\/\/www.ritaplacidophotography.com\/wp-content\/uploads\/2020\/04\/larissathales-197-768x513.jpg 768w, https:\/\/www.ritaplacidophotography.com\/wp-content\/uploads\/2020\/04\/larissathales-197-1536x1025.jpg 1536w, https:\/\/www.ritaplacidophotography.com\/wp-content\/uploads\/2020\/04\/larissathales-197-18x12.jpg 18w, https:\/\/www.ritaplacidophotography.com\/wp-content\/uploads\/2020\/04\/larissathales-197-470x314.jpg 470w, https:\/\/www.ritaplacidophotography.com\/wp-content\/uploads\/2020\/04\/larissathales-197-749x500.jpg 749w, https:\/\/www.ritaplacidophotography.com\/wp-content\/uploads\/2020\/04\/larissathales-197.jpg 1600w\" sizes=\"(max-width: 1024px) 100vw, 1024px\" \/><p id=\"caption-attachment-11260\" class=\"wp-caption-text\">Photo by: Rita Pl\u00e1cido Photography<\/p><\/div>\n<\/div>\n<div data-draftjs-conductor-fragment=\"{&quot;blocks&quot;:[{&quot;key&quot;:&quot;c2b1m&quot;,&quot;text&quot;:&quot;5. As cores&quot;,&quot;type&quot;:&quot;unstyled&quot;,&quot;depth&quot;:0,&quot;inlineStyleRanges&quot;:[{&quot;offset&quot;:0,&quot;length&quot;:2,&quot;style&quot;:&quot;BOLD&quot;},{&quot;offset&quot;:3,&quot;length&quot;:8,&quot;style&quot;:&quot;BOLD&quot;}],&quot;entityRanges&quot;:[],&quot;data&quot;:{}},{&quot;key&quot;:&quot;5rc0q&quot;,&quot;text&quot;:&quot;Tamb\u00e9m ligado \u00e0 decora\u00e7\u00e3o: As cores de outono e de inverno s\u00e3o lindas!&quot;,&quot;type&quot;:&quot;unstyled&quot;,&quot;depth&quot;:0,&quot;inlineStyleRanges&quot;:[],&quot;entityRanges&quot;:[],&quot;data&quot;:{}},{&quot;key&quot;:&quot;dt62q&quot;,&quot;text&quot;:&quot;Um casamento no outono pode incluir cores como gren\u00e1, laranja, verde, castanho. Cores que nos fa\u00e7am lembrar das \u00e1rvores e das folhas secas. Estas cores far\u00e3o sem d\u00favidas os noivos sobressa\u00edrem-se e criam um ambiente muito acolhedor. Podem tamb\u00e9m optar por combinar as cores com uma decora\u00e7\u00e3o r\u00fastica e o resultado final ser\u00e1 lindo!&quot;,&quot;type&quot;:&quot;unstyled&quot;,&quot;depth&quot;:0,&quot;inlineStyleRanges&quot;:[{&quot;offset&quot;:170,&quot;length&quot;:25,&quot;style&quot;:&quot;BOLD&quot;}],&quot;entityRanges&quot;:[],&quot;data&quot;:{}},{&quot;key&quot;:&quot;fb5mo&quot;,&quot;text&quot;:&quot;Um casamento no inverno pode incluir, al\u00e9m dos tons de outono, cores como rosas e vermelhos escuros, bordeaux, azul clarinho e branco. Muitas vezes n\u00e3o pensamos no branco por estar t\u00e3o conotado \u00e0 cor que pertence exclusivamente \u00e0 noiva, mas j\u00e1 imaginaram casar com uma decora\u00e7\u00e3o completamente branca? Como se estivessem na neve. Haver\u00e1 algum cen\u00e1rio mais m\u00e1gico que este?&quot;,&quot;type&quot;:&quot;unstyled&quot;,&quot;depth&quot;:0,&quot;inlineStyleRanges&quot;:[{&quot;offset&quot;:355,&quot;length&quot;:6,&quot;style&quot;:&quot;BOLD&quot;}],&quot;entityRanges&quot;:[],&quot;data&quot;:{}},{&quot;key&quot;:&quot;eob8p&quot;,&quot;text&quot;:&quot;&quot;,&quot;type&quot;:&quot;unstyled&quot;,&quot;depth&quot;:0,&quot;inlineStyleRanges&quot;:[],&quot;entityRanges&quot;:[],&quot;data&quot;:{}},{&quot;key&quot;:&quot;1hcso&quot;,&quot;text&quot;:&quot;6. Os convidados est\u00e3o mais entusiasmados&quot;,&quot;type&quot;:&quot;unstyled&quot;,&quot;depth&quot;:0,&quot;inlineStyleRanges&quot;:[{&quot;offset&quot;:0,&quot;length&quot;:2,&quot;style&quot;:&quot;BOLD&quot;},{&quot;offset&quot;:3,&quot;length&quot;:38,&quot;style&quot;:&quot;BOLD&quot;}],&quot;entityRanges&quot;:[],&quot;data&quot;:{}},{&quot;key&quot;:&quot;dn1r2&quot;,&quot;text&quot;:&quot;Gostamos todos de ir a casamentos, seja no inverno ou no ver\u00e3o. Mas algumas pessoas em certas fases da vida, d\u00e3o por si a terem casamentos todos os fins de semana. O que faz com que muitos convidados se sintam desgastados e acabem por n\u00e3o dar a devida aten\u00e7\u00e3o ao nosso dia. &quot;,&quot;type&quot;:&quot;unstyled&quot;,&quot;depth&quot;:0,&quot;inlineStyleRanges&quot;:[],&quot;entityRanges&quot;:[],&quot;data&quot;:{}},{&quot;key&quot;:&quot;27i7&quot;,&quot;text&quot;:&quot;Al\u00e9m disso, no inverno h\u00e1 menos eventos que requerem a nossa presen\u00e7a, por norma j\u00e1 tir\u00e1mos as f\u00e9rias no ver\u00e3o, e h\u00e1 ali uns meses que s\u00e3o simplesmente \\&quot;parados\\&quot;. O facto de ser no inverno faz com que os convidados tenham algo por que possam estar ansiosos, um evento social no seu calend\u00e1rio. E para terminar, o facto de n\u00e3o ser \u00e9poca de f\u00e9rias, faz com quem a maioria dos convidados possa estar presente no casamento.&quot;,&quot;type&quot;:&quot;unstyled&quot;,&quot;depth&quot;:0,&quot;inlineStyleRanges&quot;:[{&quot;offset&quot;:248,&quot;length&quot;:8,&quot;style&quot;:&quot;BOLD&quot;},{&quot;offset&quot;:391,&quot;length&quot;:14,&quot;style&quot;:&quot;BOLD&quot;}],&quot;entityRanges&quot;:[],&quot;data&quot;:{}},{&quot;key&quot;:&quot;ctgr0&quot;,&quot;text&quot;:&quot;O \u00faltimo motivo \u00e9 que os convidados bebem mais para se manter quentes. E todos sabemos que convidados e bebida \u00e9 uma mistura que d\u00e1 sempre numa festa de arromba!&quot;,&quot;type&quot;:&quot;unstyled&quot;,&quot;depth&quot;:0,&quot;inlineStyleRanges&quot;:[],&quot;entityRanges&quot;:[],&quot;data&quot;:{}},{&quot;key&quot;:&quot;atug4&quot;,&quot;text&quot;:&quot;&quot;,&quot;type&quot;:&quot;unstyled&quot;,&quot;depth&quot;:0,&quot;inlineStyleRanges&quot;:[],&quot;entityRanges&quot;:[],&quot;data&quot;:{}},{&quot;key&quot;:&quot;fjqof&quot;,&quot;text&quot;:&quot;7. A comida e o conforto&quot;,&quot;type&quot;:&quot;unstyled&quot;,&quot;depth&quot;:0,&quot;inlineStyleRanges&quot;:[{&quot;offset&quot;:0,&quot;length&quot;:2,&quot;style&quot;:&quot;BOLD&quot;},{&quot;offset&quot;:3,&quot;length&quot;:21,&quot;style&quot;:&quot;BOLD&quot;}],&quot;entityRanges&quot;:[],&quot;data&quot;:{}},{&quot;key&quot;:&quot;ciiif&quot;,&quot;text&quot;:&quot;Parece estranho, n\u00e3o \u00e9? Mas muitas vezes, nos casamentos de ver\u00e3o, acaba por haver muito desperd\u00edcio alimentar. As pessoas t\u00eam calor e por isso acabam por ter pouca vontade de comer. Ou seja, os noivos est\u00e3o a pagar por um servi\u00e7o que acaba por n\u00e3o ser usufru\u00eddo pelos convidados. Mas no inverno temos sempre mais fome, sabe-nos bem aquela sopa quentinha, e apreciamos todos os doces que tivermos \u00e0 nossa disposi\u00e7\u00e3o. Por algum motivo se chama \\&quot;comida de conforto\\&quot;, n\u00e3o \u00e9? E quando est\u00e1 frio, s\u00f3 queremos estar confort\u00e1veis. J\u00e1 imaginaram estar no vosso cocktail, com mantas pelas costas a beber um creme de legumes de caneca? Para ser melhor s\u00f3 falta a lareira.&quot;,&quot;type&quot;:&quot;unstyled&quot;,&quot;depth&quot;:0,&quot;inlineStyleRanges&quot;:[],&quot;entityRanges&quot;:[],&quot;data&quot;:{}}],&quot;entityMap&quot;:{}}\">\n<div class=\"jwLWP _2hXa7 _30PMG blog-post-text-font blog-post-text-color public-DraftStyleDefault-block-depth0 public-DraftStyleDefault-text-ltr\" data-block=\"true\" data-editor=\"editor\" data-offset-key=\"fus8h-0-0\">\n<p>&nbsp;<\/p>\n<h4>Extra tip: Getting married in the Winter, also means you&#8217;ll be able to go on your honeymoon and get great weather (and make everyone jealous when you get home for Christmas all tanned!). There are some popular destinations that have the best weather from November to April, such as the Maldives, Thailand, South Africa, New Zealand, Mexico, Sri Lanka, among others.<\/h4>\n<p>&nbsp;<\/p>\n<\/div>\n<\/div>\n<div data-draftjs-conductor-fragment=\"{&quot;blocks&quot;:[{&quot;key&quot;:&quot;c2b1m&quot;,&quot;text&quot;:&quot;5. As cores&quot;,&quot;type&quot;:&quot;unstyled&quot;,&quot;depth&quot;:0,&quot;inlineStyleRanges&quot;:[{&quot;offset&quot;:0,&quot;length&quot;:2,&quot;style&quot;:&quot;BOLD&quot;},{&quot;offset&quot;:3,&quot;length&quot;:8,&quot;style&quot;:&quot;BOLD&quot;}],&quot;entityRanges&quot;:[],&quot;data&quot;:{}},{&quot;key&quot;:&quot;5rc0q&quot;,&quot;text&quot;:&quot;Tamb\u00e9m ligado \u00e0 decora\u00e7\u00e3o: As cores de outono e de inverno s\u00e3o lindas!&quot;,&quot;type&quot;:&quot;unstyled&quot;,&quot;depth&quot;:0,&quot;inlineStyleRanges&quot;:[],&quot;entityRanges&quot;:[],&quot;data&quot;:{}},{&quot;key&quot;:&quot;dt62q&quot;,&quot;text&quot;:&quot;Um casamento no outono pode incluir cores como gren\u00e1, laranja, verde, castanho. Cores que nos fa\u00e7am lembrar das \u00e1rvores e das folhas secas. Estas cores far\u00e3o sem d\u00favidas os noivos sobressa\u00edrem-se e criam um ambiente muito acolhedor. Podem tamb\u00e9m optar por combinar as cores com uma decora\u00e7\u00e3o r\u00fastica e o resultado final ser\u00e1 lindo!&quot;,&quot;type&quot;:&quot;unstyled&quot;,&quot;depth&quot;:0,&quot;inlineStyleRanges&quot;:[{&quot;offset&quot;:170,&quot;length&quot;:25,&quot;style&quot;:&quot;BOLD&quot;}],&quot;entityRanges&quot;:[],&quot;data&quot;:{}},{&quot;key&quot;:&quot;fb5mo&quot;,&quot;text&quot;:&quot;Um casamento no inverno pode incluir, al\u00e9m dos tons de outono, cores como rosas e vermelhos escuros, bordeaux, azul clarinho e branco. Muitas vezes n\u00e3o pensamos no branco por estar t\u00e3o conotado \u00e0 cor que pertence exclusivamente \u00e0 noiva, mas j\u00e1 imaginaram casar com uma decora\u00e7\u00e3o completamente branca? Como se estivessem na neve. Haver\u00e1 algum cen\u00e1rio mais m\u00e1gico que este?&quot;,&quot;type&quot;:&quot;unstyled&quot;,&quot;depth&quot;:0,&quot;inlineStyleRanges&quot;:[{&quot;offset&quot;:355,&quot;length&quot;:6,&quot;style&quot;:&quot;BOLD&quot;}],&quot;entityRanges&quot;:[],&quot;data&quot;:{}},{&quot;key&quot;:&quot;eob8p&quot;,&quot;text&quot;:&quot;&quot;,&quot;type&quot;:&quot;unstyled&quot;,&quot;depth&quot;:0,&quot;inlineStyleRanges&quot;:[],&quot;entityRanges&quot;:[],&quot;data&quot;:{}},{&quot;key&quot;:&quot;1hcso&quot;,&quot;text&quot;:&quot;6. Os convidados est\u00e3o mais entusiasmados&quot;,&quot;type&quot;:&quot;unstyled&quot;,&quot;depth&quot;:0,&quot;inlineStyleRanges&quot;:[{&quot;offset&quot;:0,&quot;length&quot;:2,&quot;style&quot;:&quot;BOLD&quot;},{&quot;offset&quot;:3,&quot;length&quot;:38,&quot;style&quot;:&quot;BOLD&quot;}],&quot;entityRanges&quot;:[],&quot;data&quot;:{}},{&quot;key&quot;:&quot;dn1r2&quot;,&quot;text&quot;:&quot;Gostamos todos de ir a casamentos, seja no inverno ou no ver\u00e3o. Mas algumas pessoas em certas fases da vida, d\u00e3o por si a terem casamentos todos os fins de semana. O que faz com que muitos convidados se sintam desgastados e acabem por n\u00e3o dar a devida aten\u00e7\u00e3o ao nosso dia. &quot;,&quot;type&quot;:&quot;unstyled&quot;,&quot;depth&quot;:0,&quot;inlineStyleRanges&quot;:[],&quot;entityRanges&quot;:[],&quot;data&quot;:{}},{&quot;key&quot;:&quot;27i7&quot;,&quot;text&quot;:&quot;Al\u00e9m disso, no inverno h\u00e1 menos eventos que requerem a nossa presen\u00e7a, por norma j\u00e1 tir\u00e1mos as f\u00e9rias no ver\u00e3o, e h\u00e1 ali uns meses que s\u00e3o simplesmente \\&quot;parados\\&quot;. O facto de ser no inverno faz com que os convidados tenham algo por que possam estar ansiosos, um evento social no seu calend\u00e1rio. E para terminar, o facto de n\u00e3o ser \u00e9poca de f\u00e9rias, faz com quem a maioria dos convidados possa estar presente no casamento.&quot;,&quot;type&quot;:&quot;unstyled&quot;,&quot;depth&quot;:0,&quot;inlineStyleRanges&quot;:[{&quot;offset&quot;:248,&quot;length&quot;:8,&quot;style&quot;:&quot;BOLD&quot;},{&quot;offset&quot;:391,&quot;length&quot;:14,&quot;style&quot;:&quot;BOLD&quot;}],&quot;entityRanges&quot;:[],&quot;data&quot;:{}},{&quot;key&quot;:&quot;ctgr0&quot;,&quot;text&quot;:&quot;O \u00faltimo motivo \u00e9 que os convidados bebem mais para se manter quentes. E todos sabemos que convidados e bebida \u00e9 uma mistura que d\u00e1 sempre numa festa de arromba!&quot;,&quot;type&quot;:&quot;unstyled&quot;,&quot;depth&quot;:0,&quot;inlineStyleRanges&quot;:[],&quot;entityRanges&quot;:[],&quot;data&quot;:{}},{&quot;key&quot;:&quot;atug4&quot;,&quot;text&quot;:&quot;&quot;,&quot;type&quot;:&quot;unstyled&quot;,&quot;depth&quot;:0,&quot;inlineStyleRanges&quot;:[],&quot;entityRanges&quot;:[],&quot;data&quot;:{}},{&quot;key&quot;:&quot;fjqof&quot;,&quot;text&quot;:&quot;7. A comida e o conforto&quot;,&quot;type&quot;:&quot;unstyled&quot;,&quot;depth&quot;:0,&quot;inlineStyleRanges&quot;:[{&quot;offset&quot;:0,&quot;length&quot;:2,&quot;style&quot;:&quot;BOLD&quot;},{&quot;offset&quot;:3,&quot;length&quot;:21,&quot;style&quot;:&quot;BOLD&quot;}],&quot;entityRanges&quot;:[],&quot;data&quot;:{}},{&quot;key&quot;:&quot;ciiif&quot;,&quot;text&quot;:&quot;Parece estranho, n\u00e3o \u00e9? Mas muitas vezes, nos casamentos de ver\u00e3o, acaba por haver muito desperd\u00edcio alimentar. As pessoas t\u00eam calor e por isso acabam por ter pouca vontade de comer. Ou seja, os noivos est\u00e3o a pagar por um servi\u00e7o que acaba por n\u00e3o ser usufru\u00eddo pelos convidados. Mas no inverno temos sempre mais fome, sabe-nos bem aquela sopa quentinha, e apreciamos todos os doces que tivermos \u00e0 nossa disposi\u00e7\u00e3o. Por algum motivo se chama \\&quot;comida de conforto\\&quot;, n\u00e3o \u00e9? E quando est\u00e1 frio, s\u00f3 queremos estar confort\u00e1veis. J\u00e1 imaginaram estar no vosso cocktail, com mantas pelas costas a beber um creme de legumes de caneca? Para ser melhor s\u00f3 falta a lareira.&quot;,&quot;type&quot;:&quot;unstyled&quot;,&quot;depth&quot;:0,&quot;inlineStyleRanges&quot;:[],&quot;entityRanges&quot;:[],&quot;data&quot;:{}}],&quot;entityMap&quot;:{}}\">\n<div class=\"jwLWP _2hXa7 _30PMG blog-post-text-font blog-post-text-color public-DraftStyleDefault-block-depth0 public-DraftStyleDefault-text-ltr\" data-block=\"true\" data-editor=\"editor\" data-offset-key=\"fus8h-0-0\">\n<div data-offset-key=\"fus8h-0-0\">\n<h3 data-pm-slice=\"1 1 []\">Celebrate the Magic of Winter<\/h3>\n<p>No matter when you get married, the most important part of your wedding day is celebrating your love. A winter wedding brings endless charm, romance, and unique opportunities to create a day that reflects your style and story. Whether you\u2019re embracing cosy interiors, snow-covered landscapes, or rich seasonal colours, the magic of winter makes every moment feel extra special.<\/p>\n<p>If you\u2019re ready to create unforgettable memories with stunning winter photography, let\u2019s talk! As a wedding photographer, I specialize in capturing authentic moments filled with love and warmth. <a href=\"https:\/\/www.ritaplacidophotography.com\/contact-weddings\/\">Contact me today to start planning your perfect winter wedding experience.<\/a><\/p>\n<\/div>\n<\/div>\n<\/div>\n<\/div>\n","protected":false},"excerpt":{"rendered":"<p>Muitos casais sonham com um casamento de primavera ou ver\u00e3o, e com raz\u00e3o. O tempo est\u00e1 mais quente, os dias s\u00e3o mais longos, e as celebra\u00e7\u00f5es ao ar livre s\u00e3o inegavelmente atrativas. No entanto, a grande procura por estas esta\u00e7\u00f5es do ano, significa tamb\u00e9m que as quintas e os fornecedores s\u00e3o reservados com muita anteced\u00eancia, fazendo assim ser mais dif\u00edcil garantir a nossa equipa de elei\u00e7\u00e3o. Uma coisa \u00e9 certa: a pandemia e os casamentos adiados vieram mudar o paradigma dos casamentos, e hoje em dia, os casais n\u00e3o querem estar noivos mais do que um ano. E, por isso, por vezes pode ser dif\u00edcil encontrar uma data dispon\u00edvel nesta janela temporal.<\/p>","protected":false},"author":1,"featured_media":3990,"comment_status":"open","ping_status":"open","sticky":false,"template":"","format":"standard","meta":{"_acf_changed":false,"footnotes":""},"categories":[5],"tags":[],"class_list":["post-3220","post","type-post","status-publish","format-standard","has-post-thumbnail","hentry","category-weddingplanning"],"acf":[],"_links":{"self":[{"href":"https:\/\/www.ritaplacidophotography.com\/pt\/wp-json\/wp\/v2\/posts\/3220","targetHints":{"allow":["GET"]}}],"collection":[{"href":"https:\/\/www.ritaplacidophotography.com\/pt\/wp-json\/wp\/v2\/posts"}],"about":[{"href":"https:\/\/www.ritaplacidophotography.com\/pt\/wp-json\/wp\/v2\/types\/post"}],"author":[{"embeddable":true,"href":"https:\/\/www.ritaplacidophotography.com\/pt\/wp-json\/wp\/v2\/users\/1"}],"replies":[{"embeddable":true,"href":"https:\/\/www.ritaplacidophotography.com\/pt\/wp-json\/wp\/v2\/comments?post=3220"}],"version-history":[{"count":2,"href":"https:\/\/www.ritaplacidophotography.com\/pt\/wp-json\/wp\/v2\/posts\/3220\/revisions"}],"predecessor-version":[{"id":11671,"href":"https:\/\/www.ritaplacidophotography.com\/pt\/wp-json\/wp\/v2\/posts\/3220\/revisions\/11671"}],"wp:featuredmedia":[{"embeddable":true,"href":"https:\/\/www.ritaplacidophotography.com\/pt\/wp-json\/wp\/v2\/media\/3990"}],"wp:attachment":[{"href":"https:\/\/www.ritaplacidophotography.com\/pt\/wp-json\/wp\/v2\/media?parent=3220"}],"wp:term":[{"taxonomy":"category","embeddable":true,"href":"https:\/\/www.ritaplacidophotography.com\/pt\/wp-json\/wp\/v2\/categories?post=3220"},{"taxonomy":"post_tag","embeddable":true,"href":"https:\/\/www.ritaplacidophotography.com\/pt\/wp-json\/wp\/v2\/tags?post=3220"}],"curies":[{"name":"wp","href":"https:\/\/api.w.org\/{rel}","templated":true}]}}