{"id":6496,"date":"2024-03-05T19:19:10","date_gmt":"2024-03-05T19:19:10","guid":{"rendered":"https:\/\/www.ritaplacidophotography.com\/?p=6496"},"modified":"2025-03-25T12:34:47","modified_gmt":"2025-03-25T12:34:47","slug":"best-of-2023","status":"publish","type":"post","link":"https:\/\/www.ritaplacidophotography.com\/pt\/best-of-2023\/","title":{"rendered":"Best of 2023: O ano em 165 imagens"},"content":{"rendered":"<p>Assim como no ano passado, este ano volto a presentear-vos com o best of 2023. Infelizmente, desta vez, n\u00e3o conseguir manter apenas 100 fotografias. Por isso, s\u00e3o 165. (Notem que a minha primeira sele\u00e7\u00e3o tinha mais de 600 imagens, por isso isto para mim \u00e9 uma vit\u00f3ria).<\/p>\n<p>2023, que \u00e9poca. Pareceu mais longa que um ano. Aconteceu tanta coisa, tanto mudou. Esta foi a \u00e9poca em que entrei em \u2018burnout\u2019 e a \u00e9poca em que redescobri o meu amor por fotografia de casamento. Esta foi tamb\u00e9m a \u00e9poca de casamentos em que fiquei noiva e em que comecei a ver os casamentos com uma vis\u00e3o diferente, dando mais import\u00e2ncia a todos os pormenores.<\/p>\n<p>Tive bastantes casais este ano, todos muito diferentes uns dos outros. Tirei algumas das minhas fotografias preferidas tamb\u00e9m neste ano. Tive a oportunidade de fotografar alguns batismos, que \u00e9 sempre divertido e mais leve para intercalar entre fins de semana em casamentos.<\/p>\n<p>Viajei mais de 5000kms, fui a quintas bel\u00edssimas, ri-me com os casais e os seus convidados, e tive o privil\u00e9gio de trabalhar com fornecedores fant\u00e1sticos.<\/p>\n<p>Agrade\u00e7o aos fot\u00f3grafos e colegas com quem tive o prazer de trabalhar em 2023. <a href=\"https:\/\/www.instagram.com\/isisgoncalvesphoto\/\" target=\"_blank\" rel=\"noopener\">Isis Gon\u00e7alves<\/a>, <a href=\"https:\/\/www.rosadoshootstories.com\/\" target=\"_blank\" rel=\"noopener\">Rosado Shoot Stories<\/a>, <a href=\"https:\/\/www.pinhapinhao.com\/\" target=\"_blank\" rel=\"noopener\">Pinha Pinh\u00e3o<\/a>, <a href=\"https:\/\/www.patriciadecarvalho.com\/\" target=\"_blank\" rel=\"noopener\">Patr\u00edcia de Carvalho<\/a>, <a href=\"https:\/\/ritasantanaphotography.com\/?gad_source=1&amp;gclid=CjwKCAiAopuvBhBCEiwAm8jaMTUVF6atl87B9Zvk89dxpX0dUNt9U8RERiul4C-Tb9dsr8GgC286BhoC0HcQAvD_BwE\" target=\"_blank\" rel=\"noopener\">Rita Santana<\/a>, <a href=\"https:\/\/www.instagram.com\/inesnepofotografia\/\" target=\"_blank\" rel=\"noopener\">In\u00eas Nepomuceno<\/a> e <a href=\"https:\/\/www.sofiabritophotography.com\/\" target=\"_blank\" rel=\"noopener\">Sofia Brito<\/a>.<\/p>\n<p>E, em especial, porque n\u00e3o h\u00e1 palavras suficientes para agradecer aos meus amigos da <a href=\"https:\/\/www.softbox.pt\/\" target=\"_blank\" rel=\"noopener\">Soft Box<\/a>, que n\u00e3o s\u00f3 me assistiram em v\u00e1rios casamentos meus durante este ano, mas tamb\u00e9m me substitu\u00edram num dia que foi particularmente complicado para mim, com uma situa\u00e7\u00e3o pessoa delicada, e entenderam exatamente o que precisava deles naquele momento, a forma como gosto de fotografar, e entregaram-me imagens que podia ter facilmente sido eu a tirar.<\/p>\n<p>Por \u00faltimo, mas n\u00e3o menos importante, apesar de n\u00e3o ter trabalhado com eles este ano, estes colegas ajudaram-me de v\u00e1rias formas. <a href=\"https:\/\/marcoteixeiraphoto.com\/\" target=\"_blank\" rel=\"noopener\">Marco Teixeira<\/a>, <a href=\"https:\/\/www.blackandlime.com\/\" target=\"_blank\" rel=\"noopener\">In\u00eas Lima<\/a>, <a href=\"https:\/\/www.adrianamoraisphotography.com\/pt\/home-pt\/\" target=\"_blank\" rel=\"noopener\">Adriana Morais<\/a> e <a href=\"https:\/\/www.catarinavasconcelos.pt\/\" target=\"_blank\" rel=\"noopener\">Catarina Vasconcelos<\/a>.<\/p>\n<p>O best of 2023 n\u00e3o poderia terminar sem mencionar alguns fornecedores com quem adorei trabalhar. <a href=\"https:\/\/www.escape-eventos.com\/\" target=\"_blank\" rel=\"noopener\">Escape Eventos<\/a>, <a href=\"https:\/\/bybrava.pt\/en\/\" target=\"_blank\" rel=\"noopener\">By Brava<\/a>, <a href=\"https:\/\/www.lisbonweddingplanner.com\/\" target=\"_blank\" rel=\"noopener\">Lisbon Wedding Planners<\/a>, <a href=\"https:\/\/www.instagram.com\/bloomeventospt\/?hl=en\" target=\"_blank\" rel=\"noopener\">Bloom Eventos<\/a>, <a href=\"https:\/\/www.jukebox.com.pt\/\" target=\"_blank\" rel=\"noopener\">Your Jukebox<\/a>, <a href=\"https:\/\/www.musicboxporto.com\/\" target=\"_blank\" rel=\"noopener\">Musicbox Porto<\/a>. As flores que deram um toque especial aos casamentos e foram feitas pelas m\u00e3os talentosas das colegas <a href=\"https:\/\/www.mandeumaflor.com\/\" target=\"_blank\" rel=\"noopener\">Mande Uma Flor<\/a>, <a href=\"https:\/\/www.ohmariaflores.com\/\" target=\"_blank\" rel=\"noopener\">Oh Maria Flores<\/a>, <a href=\"https:\/\/catarinasampaiosoares.com\/\" target=\"_blank\" rel=\"noopener\">Catarina Sampaio Soares<\/a>, <a href=\"https:\/\/afeto.pt\/\" target=\"_blank\" rel=\"noopener\">Afeto Atelier<\/a>, <a href=\"https:\/\/www.instagram.com\/wed4u.eventos\/?hl=en\" target=\"_blank\" rel=\"noopener\">Wed4u<\/a>, <a href=\"https:\/\/www.instagram.com\/kitschnet\/?hl=en\" target=\"_blank\" rel=\"noopener\">Kitschnet<\/a>. As m\u00e3os de fada destas maquilhadoras que deram \u00e0s minhas noivas um \"glow\" especial, <a href=\"https:\/\/www.instagram.com\/inesplacido.mua\/?hl=en\" target=\"_blank\" rel=\"noopener\">In\u00eas Pl\u00e1cido<\/a>, <a href=\"https:\/\/www.instagram.com\/joananicolemakeup\/?hl=en\" target=\"_blank\" rel=\"noopener\">Joana Nicole<\/a>, <a href=\"https:\/\/www.instagram.com\/vanessachabert_makeuphair\/?hl=en\" target=\"_blank\" rel=\"noopener\">Vanessa Chabert<\/a>. E tantos outros fornecedores com quem foi um prazer enorme trabalhar!<\/p>\n<p>Provavelmente estou-me a esquecer de mencionar imensos fornecedores neste texto, mas uma palavra de apre\u00e7o especial a todos v\u00f3s.<\/p>\n<p>O maior agradecimento vai para todos os casais que me escolheram para testemunhar e fotografar o dia do seu casamento. Obrigada por acreditarem no meu trabalho e na minha arte. Obrigada por confiarem em mim e por me darem espa\u00e7o e liberdade para criar as vossas bonitas imagens. Estou muito grata pela \u00e9poca de casamentos de 2023 e mal posso esperar para ver o que 2024 me reserva.<\/p>\n<p>Por isso, sem mais demoras, aqui est\u00e1 o meu best of 2023:<\/p>\n<p><iframe title=\"Best of 2023\" src=\"https:\/\/player.vimeo.com\/video\/919713707?dnt=1&amp;app_id=122963\" width=\"1170\" height=\"658\" frameborder=\"0\" allow=\"autoplay; fullscreen; picture-in-picture; clipboard-write; encrypted-media\"><\/iframe><\/p>","protected":false},"excerpt":{"rendered":"<p>Assim como no ano passado, este ano volto a presentear-vos com o best of 2023. Infelizmente, desta vez, n\u00e3o conseguir manter apenas 100 fotografias. Por isso, s\u00e3o 165. (Notem que a minha primeira sele\u00e7\u00e3o tinha mais de 600 imagens, por isso isto para mim \u00e9 uma vit\u00f3ria).<\/p>","protected":false},"author":1,"featured_media":6497,"comment_status":"open","ping_status":"open","sticky":false,"template":"","format":"standard","meta":{"_acf_changed":false,"footnotes":""},"categories":[27],"tags":[],"class_list":["post-6496","post","type-post","status-publish","format-standard","has-post-thumbnail","hentry","category-best-of"],"acf":[],"_links":{"self":[{"href":"https:\/\/www.ritaplacidophotography.com\/pt\/wp-json\/wp\/v2\/posts\/6496","targetHints":{"allow":["GET"]}}],"collection":[{"href":"https:\/\/www.ritaplacidophotography.com\/pt\/wp-json\/wp\/v2\/posts"}],"about":[{"href":"https:\/\/www.ritaplacidophotography.com\/pt\/wp-json\/wp\/v2\/types\/post"}],"author":[{"embeddable":true,"href":"https:\/\/www.ritaplacidophotography.com\/pt\/wp-json\/wp\/v2\/users\/1"}],"replies":[{"embeddable":true,"href":"https:\/\/www.ritaplacidophotography.com\/pt\/wp-json\/wp\/v2\/comments?post=6496"}],"version-history":[{"count":1,"href":"https:\/\/www.ritaplacidophotography.com\/pt\/wp-json\/wp\/v2\/posts\/6496\/revisions"}],"predecessor-version":[{"id":11672,"href":"https:\/\/www.ritaplacidophotography.com\/pt\/wp-json\/wp\/v2\/posts\/6496\/revisions\/11672"}],"wp:featuredmedia":[{"embeddable":true,"href":"https:\/\/www.ritaplacidophotography.com\/pt\/wp-json\/wp\/v2\/media\/6497"}],"wp:attachment":[{"href":"https:\/\/www.ritaplacidophotography.com\/pt\/wp-json\/wp\/v2\/media?parent=6496"}],"wp:term":[{"taxonomy":"category","embeddable":true,"href":"https:\/\/www.ritaplacidophotography.com\/pt\/wp-json\/wp\/v2\/categories?post=6496"},{"taxonomy":"post_tag","embeddable":true,"href":"https:\/\/www.ritaplacidophotography.com\/pt\/wp-json\/wp\/v2\/tags?post=6496"}],"curies":[{"name":"wp","href":"https:\/\/api.w.org\/{rel}","templated":true}]}}